{"id":163331,"date":"2020-03-12T14:25:27","date_gmt":"2020-03-12T18:25:27","guid":{"rendered":"https:\/\/elluchador.info\/web\/?p=163331"},"modified":"2020-03-12T14:14:59","modified_gmt":"2020-03-12T18:14:59","slug":"ivan-duque-declara-emergencia-sanitaria-en-toda-colombia-por-el-coronavirus","status":"publish","type":"post","link":"https:\/\/elluchador.info\/?p=163331","title":{"rendered":"Iv\u00e1n Duque declara emergencia sanitaria en toda Colombia por el coronavirus"},"content":{"rendered":"\n<p>El presidente de la Rep\u00fablica, Iv\u00e1n Duque, anunci\u00f3 las nuevas cartas que Colombia tomar\u00e1 para contener el coronavirus, del que ya se han confirmado seis casos en el territorio nacional.<\/p>\n\n\n\n<p><strong>Por&nbsp;<a href=\"https:\/\/www.eltiempo.com\/politica\/gobierno\/coronavirus-duque-anuncia-medidas-mas-severas-para-enfrentar-la-pandemia-471854\">eltiempo.com<\/a><\/strong><\/p>\n\n\n\n<p>El mandatario asegur\u00f3 que \u201cestamos en la fase de contenci\u00f3n y que se han tomado todas las medidas\u201d.<\/p>\n\n\n\n<p>\u201cFrente a la declaratoria de pandemia de la OMS tenemos claro que se deben tomar medidas adicionales\u201d.<\/p>\n\n\n\n<p>El mandatario asegur\u00f3 que las primeras l\u00edneas de cuidado est\u00e1n \u201cen nosotros mismos\u201d, que se deben cambiar h\u00e1bitos de salud, como no dar besos o abrazos, \u201cque pueden reducir m\u00e1s de 50% las posibilidades de contagio\u201d, tener distancias moderadas entre interlocutores.<\/p>\n\n\n\n<p>El mandatario se\u00f1al\u00f3 que se declara la emergencia sanitaria a nivel nacional, que ir\u00e1 hasta el 30 de mayo. Esta declaratoria permite \u201ctomar medidas r\u00e1pidas y excepcionales\u201d, se\u00f1al\u00f3 el jefe de Estado.<\/p>\n\n\n\n<p>\u201cTodos los eventos p\u00fablicos de m\u00e1s de 500 personas quedan cancelados (..) a partir de las 3 de la tarde de hoy\u201d, se\u00f1al\u00f3.<\/p>\n\n\n\n<p>Adicionalmente se\u00f1al\u00f3 que se \u201csuspende el tr\u00e1nsito y desembarco de cruceros en Colombia a a partir de hoy\u201d.<\/p>\n\n\n\n<p>Una tercera medida, se\u00f1al\u00f3 el jefe de Estado, es frente a los hoteles. Asegur\u00f3 que le han dado instrucciones a los hoteles para realizar un buen aislamiento. Adem\u00e1s, se\u00f1al\u00f3 que los ind\u00edgenas pueden asumir el aislamiento preventivo teniendo sus normas propias.<\/p>\n\n\n\n<p>El mandatario asever\u00f3 que \u201cestas son medidas oportunas, necesarias y que nos permiten a todos trabajar de la mano\u201d.<\/p>\n\n\n\n<p>Frente al torneo de f\u00fatbol colombiano, el mandatario asegur\u00f3 que se realizar\u00e1n a \u201cpuerta cerrada y por transmisi\u00f3n\u201d.<\/p>\n\n\n\n<p>Por otro lado, se suspender\u00e1n por un tiempo las visitas a los reclusos por parte de personas con gripe, seg\u00fan se\u00f1al\u00f3 Duque.<\/p>\n\n\n\n<p>El pronunciamiento se dar\u00e1 casi en simult\u00e1neo a una rueda de prensa de la alcaldesa de Bogot\u00e1, Claudia L\u00f3pez, en la que la mandataria local explic\u00f3 de qu\u00e9 se trata la alerta amarilla declarada en el Distrito.<\/p>\n\n\n\n<p>Desde este mi\u00e9rcoles en la noche y luego de que la OMS declar\u00f3 la pandemia por el coronavirus, Duque comenz\u00f3 a anunciar los planes del Gobierno para afrontar los da\u00f1os que el COVID-19 pueda crear en materia econ\u00f3mica.<\/p>\n\n\n\n<p>\u201cLlevamos 8 semanas en prevenci\u00f3n, pero la fase de contenci\u00f3n va a afectar a sectores econ\u00f3micos\u201d, dijo el primer mandatario a trav\u00e9s de su cuenta de Twitter<\/p>\n\n\n\n<p>Lapatilla.com<\/p>\n","protected":false},"excerpt":{"rendered":"<p>El presidente de la Rep\u00fablica, Iv\u00e1n Duque, anunci\u00f3 las nuevas cartas que Colombia tomar\u00e1 para contener el coronavirus, del que ya se han confirmado seis casos en el territorio nacional. Por&nbsp;eltiempo.com El mandatario asegur\u00f3 que \u201cestamos en la fase de contenci\u00f3n y que se han tomado todas las medidas\u201d. \u201cFrente a la declaratoria de pandemia [&hellip;]<\/p>\n","protected":false},"author":2,"featured_media":163332,"comment_status":"closed","ping_status":"closed","sticky":false,"template":"","format":"standard","meta":{"footnotes":""},"categories":[5,8],"tags":[],"class_list":{"0":"post-163331","1":"post","2":"type-post","3":"status-publish","4":"format-standard","5":"has-post-thumbnail","7":"category-destacado","8":"category-internacionales"},"_links":{"self":[{"href":"https:\/\/elluchador.info\/index.php?rest_route=\/wp\/v2\/posts\/163331","targetHints":{"allow":["GET"]}}],"collection":[{"href":"https:\/\/elluchador.info\/index.php?rest_route=\/wp\/v2\/posts"}],"about":[{"href":"https:\/\/elluchador.info\/index.php?rest_route=\/wp\/v2\/types\/post"}],"author":[{"embeddable":true,"href":"https:\/\/elluchador.info\/index.php?rest_route=\/wp\/v2\/users\/2"}],"replies":[{"embeddable":true,"href":"https:\/\/elluchador.info\/index.php?rest_route=%2Fwp%2Fv2%2Fcomments&post=163331"}],"version-history":[{"count":1,"href":"https:\/\/elluchador.info\/index.php?rest_route=\/wp\/v2\/posts\/163331\/revisions"}],"predecessor-version":[{"id":163333,"href":"https:\/\/elluchador.info\/index.php?rest_route=\/wp\/v2\/posts\/163331\/revisions\/163333"}],"wp:featuredmedia":[{"embeddable":true,"href":"https:\/\/elluchador.info\/index.php?rest_route=\/wp\/v2\/media\/163332"}],"wp:attachment":[{"href":"https:\/\/elluchador.info\/index.php?rest_route=%2Fwp%2Fv2%2Fmedia&parent=163331"}],"wp:term":[{"taxonomy":"category","embeddable":true,"href":"https:\/\/elluchador.info\/index.php?rest_route=%2Fwp%2Fv2%2Fcategories&post=163331"},{"taxonomy":"post_tag","embeddable":true,"href":"https:\/\/elluchador.info\/index.php?rest_route=%2Fwp%2Fv2%2Ftags&post=163331"}],"curies":[{"name":"wp","href":"https:\/\/api.w.org\/{rel}","templated":true}]}}