{"id":163339,"date":"2020-03-12T14:40:48","date_gmt":"2020-03-12T18:40:48","guid":{"rendered":"https:\/\/elluchador.info\/web\/?p=163339"},"modified":"2020-03-12T14:39:07","modified_gmt":"2020-03-12T18:39:07","slug":"revolucionarios-de-caroni-ratificaron-defensa-de-soberania-y-rechazo-a-sanciones","status":"publish","type":"post","link":"https:\/\/elluchador.info\/?p=163339","title":{"rendered":"Revolucionarios de Caron\u00ed ratificaron defensa de soberan\u00eda y rechazo a sanciones"},"content":{"rendered":"\n<p> La plaza Bol\u00edvar de San F\u00e9lix, sirvi\u00f3 para que los revolucionarios de Caron\u00ed, se dieran cita en la tribuna antiimperialista, para rechazar una vez m\u00e1s, las intenciones que consideraron mezquinas y viscerales, por parte del gobierno de Estados Unidos y la oposici\u00f3n.<\/p>\n\n\n\n<p><br>A viva voz, rechazaron nuevas sanciones impuestas, porque intentan suprimir el proceso revolucionario, de las p\u00e1ginas de la historia contempor\u00e1nea de Venezuela.<\/p>\n\n\n\n<p>Roy Quiaragua, secretario de Gesti\u00f3n Pol\u00edtica y Gesti\u00f3n Ciudadana Municipal, y jefe de Movilizaci\u00f3n del Partido Socialista Unido de Venezuela (Psuv), fue enf\u00e1tico al se\u00f1alar que no pueden dejar que la oposici\u00f3n tome el atajo que quiere tomar, para sembrar terrorismo en Guayana y en el pa\u00eds, para desestabilizar al pueblo, crear zozobra y abrir las puertas, para que destruyan el legado de Hugo Ch\u00e1vez y las pol\u00edticas impulsadas por el presidente Nicol\u00e1s Maduro, que buscan llevar mayor suma de felicidad posible al pueblo.<\/p>\n\n\n\n<p><strong>Voces en alto<\/strong><\/p>\n\n\n\n<p>Durante instalaci\u00f3n de la tribuna antiimperialista, voces de dirigentes pol\u00edticos y vecinales se dejaron o\u00edr, para ratificar apoyo al proceso revolucionario, y el m\u00e1s en\u00e9rgico rechazo a intenciones de la oposici\u00f3n, de destruir un trabajo de 20 a\u00f1os en beneficio del soberano.<\/p>\n\n\n\n<p><br>Pedro Mata, dirigente pol\u00edtico y vecinal, dijo que desde el Psuv est\u00e1n comprometidos con el pueblo, y seguir\u00e1n unificados como la primera fuerza pol\u00edtica del\u00a0 pa\u00eds, apoyando e impulsando las pol\u00edticas del presidente Nicol\u00e1s Maduro. \u201cNo volver\u00e1n; m\u00e1s nunca seremos patio trasero de la oligarqu\u00eda, ni de la oposici\u00f3n\u201d.<br>Omar Goudett, dirigente de la parroquia Sim\u00f3n Bol\u00edvar, asegur\u00f3 que; \u201ccandelita que se prenda, candelita que se apaga\u201d, porque no vamos a permitir que un grupo minoritario, pretenda apagar la luz que irradia la revoluci\u00f3n que inici\u00f3 Hugo Ch\u00e1vez, que hoy contin\u00faa Nicol\u00e1s Maduro, y que seguir\u00e1 para alumbrar el camino de nuestros hijos, quienes defender\u00e1n la soberan\u00eda nacional\u201d.<\/p>\n\n\n\n<p><br>Gerardo Moreno de la parroquia Unare, Puerto Ordaz, manifest\u00f3 compromiso con su l\u00edder nacional, regional y municipal, para mantener y fortalecer la revoluci\u00f3n. \u201cSiempre listos para darle respuesta a los escu\u00e1lidos en el terreno que sea\u201d.<\/p>\n\n\n\n<p><strong>Marea roja en Puerto Ordaz<\/strong><\/p>\n\n\n\n<p>El dirigente pol\u00edtico y jefe de Movilizaci\u00f3n del Psuv Caron\u00ed, Roy Quiaragua, agreg\u00f3 durante su intervenci\u00f3n, que si la oposici\u00f3n se quiere medir y contar, el mejor escenario planteado en la convocatoria a elecci\u00f3n del nuevo parlamento nacional, cuando el CNE lo anuncie oficialmente.<\/p>\n\n\n\n<p><br>\u201cVamos a proponerle al coordinador municipal del Psuv Caron\u00ed, Tito Oviedo, que la pr\u00f3xima semana salga la marea roja a Puerto Ordaz, para demostrar qui\u00e9n tiene la fuerza y el poder en esta Ciudad, para llenar calles y avenidas con respaldo de la clase trabajadora de empresas b\u00e1sicas, Frente Francisco de Miranda, Brigadistas del Movimiento Somos Venezuela; Hogares de la Patria y el poder popular en pleno\u201d.<\/p>\n\n\n\n<p> Prensa Alcald\u00eda Bolivariana de Caron\u00ed <br><\/p>\n","protected":false},"excerpt":{"rendered":"<p>La plaza Bol\u00edvar de San F\u00e9lix, sirvi\u00f3 para que los revolucionarios de Caron\u00ed, se dieran cita en la tribuna antiimperialista, para rechazar una vez m\u00e1s, las intenciones que consideraron mezquinas y viscerales, por parte del gobierno de Estados Unidos y la oposici\u00f3n. A viva voz, rechazaron nuevas sanciones impuestas, porque intentan suprimir el proceso revolucionario, [&hellip;]<\/p>\n","protected":false},"author":2,"featured_media":163340,"comment_status":"closed","ping_status":"closed","sticky":false,"template":"","format":"standard","meta":{"footnotes":""},"categories":[12],"tags":[],"class_list":{"0":"post-163339","1":"post","2":"type-post","3":"status-publish","4":"format-standard","5":"has-post-thumbnail","7":"category-regionales"},"_links":{"self":[{"href":"https:\/\/elluchador.info\/index.php?rest_route=\/wp\/v2\/posts\/163339","targetHints":{"allow":["GET"]}}],"collection":[{"href":"https:\/\/elluchador.info\/index.php?rest_route=\/wp\/v2\/posts"}],"about":[{"href":"https:\/\/elluchador.info\/index.php?rest_route=\/wp\/v2\/types\/post"}],"author":[{"embeddable":true,"href":"https:\/\/elluchador.info\/index.php?rest_route=\/wp\/v2\/users\/2"}],"replies":[{"embeddable":true,"href":"https:\/\/elluchador.info\/index.php?rest_route=%2Fwp%2Fv2%2Fcomments&post=163339"}],"version-history":[{"count":1,"href":"https:\/\/elluchador.info\/index.php?rest_route=\/wp\/v2\/posts\/163339\/revisions"}],"predecessor-version":[{"id":163341,"href":"https:\/\/elluchador.info\/index.php?rest_route=\/wp\/v2\/posts\/163339\/revisions\/163341"}],"wp:featuredmedia":[{"embeddable":true,"href":"https:\/\/elluchador.info\/index.php?rest_route=\/wp\/v2\/media\/163340"}],"wp:attachment":[{"href":"https:\/\/elluchador.info\/index.php?rest_route=%2Fwp%2Fv2%2Fmedia&parent=163339"}],"wp:term":[{"taxonomy":"category","embeddable":true,"href":"https:\/\/elluchador.info\/index.php?rest_route=%2Fwp%2Fv2%2Fcategories&post=163339"},{"taxonomy":"post_tag","embeddable":true,"href":"https:\/\/elluchador.info\/index.php?rest_route=%2Fwp%2Fv2%2Ftags&post=163339"}],"curies":[{"name":"wp","href":"https:\/\/api.w.org\/{rel}","templated":true}]}}