{"id":163479,"date":"2020-03-15T05:37:42","date_gmt":"2020-03-15T09:37:42","guid":{"rendered":"https:\/\/elluchador.info\/web\/?p=163479"},"modified":"2020-03-14T18:41:08","modified_gmt":"2020-03-14T22:41:08","slug":"aso-radio-bolivar-cnp-bolivar-y-artilleria-fabricio-ojeda-a-las-ordenes-del-pueblo-y-comision-presidencial-contra-el-coronavirus","status":"publish","type":"post","link":"https:\/\/elluchador.info\/?p=163479","title":{"rendered":"Aso Radio Bol\u00edvar, CNP-Bol\u00edvar y Artiller\u00eda Fabricio Ojeda\u201d a las \u00f3rdenes del pueblo y  Comisi\u00f3n Presidencial Contra el Coronavirus"},"content":{"rendered":"\n<p>La Asociaci\u00f3n de Radiodifusores del Estado Bol\u00edvar (Aso\nRadio Bol\u00edvar), conjuntamente con el Colegio Nacional de Periodistas \u2013 Ciudad\nBol\u00edvar, Artiller\u00eda Comunicacional \u201cFabricio Ojeda\u201d y el C\u00edrculo de Reporteros\nGr\u00e1ficos de Venezuela, todos unidos, se han declarado en Alerta M\u00e1xima con la\nllegada de dos casos de Coronavirus, en jurisdicci\u00f3n de Venezuela.<\/p>\n\n\n\n<p>El conocido Periodista, Editor y Comunicador Social Adri\u00e1n\nMagallanes Guerra hizo la convocatoria gremial para exponer todas herramientas\ninformativas y comunicacionales como Radio, Prensa, TV, y Redes sociales a la\nComisi\u00f3n Presidencial y Regional, que presiden los doctores Delcy Rodr\u00edguez y\nFranklin Franchi.<\/p>\n\n\n\n<p>La reuni\u00f3n \u2013 rueda de prensa se realiz\u00f3 esta ma\u00f1ana del\nviernes en la sede de la IMPRENTA BOL\u00cdVAR de la Gobernaci\u00f3n del Estado Bol\u00edvar,\nGesti\u00f3n Justo Noguera Pietri, donde estuvieron presidiendo el acto Adri\u00e1n\nMagallanes Guerra y H\u00e9ctor Severi\u00e1n,&nbsp;&nbsp;\nPresidente y Vicepresidente de ASO RADIO BOL\u00cdVAR; Yanitza Mart\u00ednez,\nSecretaria de Asuntos Profesionales del CNP-Cd. Bol\u00edvar y Douglas Y\u00e1nez,\nCoordinador de la Artiller\u00eda Comunicacional \u201cFabricio Ojeda\u201d.<\/p>\n\n\n\n<p>-Aqu\u00ed estamos los Comunicadores Sociales como miembros\nactivos y propietarios de medios, para poner a las \u00f3rdenes del Pueblo\nvenezolano, las herramientas necesarias que permitan estar debidamente bien y\nverazmente informados, dijo Magallanes Guerra.<\/p>\n\n\n\n<p>M\u00e1s adelante dijeron los representantes gremiales que los\nanuncios de la llegada del Coronavirus o Covid 19 debemos tomar con mucha calma\ny reacciones inteligentes, siempre preventivamente para evitar propagaciones\nque vengan a diezmar las vidas de los venezolanos.<\/p>\n\n\n\n<p>Para finalizar Magallanes, Severi\u00e1n, Mart\u00ednez y Y\u00e1nez,\nfueron entrevistados a trav\u00e9s de una cadena radial por diferentes emisoras y\nanunciaron que esta alerta y apoyo contra el Coronavirus o Covid 19, tambi\u00e9n\nconsiste en aportes de microprogramas, audios, tips, videos, tr\u00edpticos,\nafiches, volantes, vallas y todo lo necesario para contribuir al freno de\nataque de este virus que ya afecta a personas en varios pa\u00edses del mundo. NOTICIAS\nACTUALIDAD \/ Especial<\/p>\n","protected":false},"excerpt":{"rendered":"<p>La Asociaci\u00f3n de Radiodifusores del Estado Bol\u00edvar (Aso Radio Bol\u00edvar), conjuntamente con el Colegio Nacional de Periodistas \u2013 Ciudad Bol\u00edvar, Artiller\u00eda Comunicacional \u201cFabricio Ojeda\u201d y el C\u00edrculo de Reporteros Gr\u00e1ficos de Venezuela, todos unidos, se han declarado en Alerta M\u00e1xima con la llegada de dos casos de Coronavirus, en jurisdicci\u00f3n de Venezuela. El conocido Periodista, [&hellip;]<\/p>\n","protected":false},"author":2,"featured_media":163480,"comment_status":"closed","ping_status":"closed","sticky":false,"template":"","format":"standard","meta":{"footnotes":""},"categories":[12],"tags":[],"class_list":{"0":"post-163479","1":"post","2":"type-post","3":"status-publish","4":"format-standard","5":"has-post-thumbnail","7":"category-regionales"},"_links":{"self":[{"href":"https:\/\/elluchador.info\/index.php?rest_route=\/wp\/v2\/posts\/163479","targetHints":{"allow":["GET"]}}],"collection":[{"href":"https:\/\/elluchador.info\/index.php?rest_route=\/wp\/v2\/posts"}],"about":[{"href":"https:\/\/elluchador.info\/index.php?rest_route=\/wp\/v2\/types\/post"}],"author":[{"embeddable":true,"href":"https:\/\/elluchador.info\/index.php?rest_route=\/wp\/v2\/users\/2"}],"replies":[{"embeddable":true,"href":"https:\/\/elluchador.info\/index.php?rest_route=%2Fwp%2Fv2%2Fcomments&post=163479"}],"version-history":[{"count":1,"href":"https:\/\/elluchador.info\/index.php?rest_route=\/wp\/v2\/posts\/163479\/revisions"}],"predecessor-version":[{"id":163481,"href":"https:\/\/elluchador.info\/index.php?rest_route=\/wp\/v2\/posts\/163479\/revisions\/163481"}],"wp:featuredmedia":[{"embeddable":true,"href":"https:\/\/elluchador.info\/index.php?rest_route=\/wp\/v2\/media\/163480"}],"wp:attachment":[{"href":"https:\/\/elluchador.info\/index.php?rest_route=%2Fwp%2Fv2%2Fmedia&parent=163479"}],"wp:term":[{"taxonomy":"category","embeddable":true,"href":"https:\/\/elluchador.info\/index.php?rest_route=%2Fwp%2Fv2%2Fcategories&post=163479"},{"taxonomy":"post_tag","embeddable":true,"href":"https:\/\/elluchador.info\/index.php?rest_route=%2Fwp%2Fv2%2Ftags&post=163479"}],"curies":[{"name":"wp","href":"https:\/\/api.w.org\/{rel}","templated":true}]}}