{"id":163603,"date":"2020-03-15T20:15:45","date_gmt":"2020-03-16T00:15:45","guid":{"rendered":"https:\/\/elluchador.info\/web\/?p=163603"},"modified":"2020-03-15T13:22:00","modified_gmt":"2020-03-15T17:22:00","slug":"venezuela-insta-a-colombia-a-combatir-conjuntamente-covid-19","status":"publish","type":"post","link":"https:\/\/elluchador.info\/?p=163603","title":{"rendered":"Venezuela insta a Colombia a combatir conjuntamente Covid-19"},"content":{"rendered":"\n<p>El ministro del Poder Popular para Relaciones Exteriores de la Rep\u00fablica Bolivariana de Venezuela, Jorge Arreaza, llam\u00f3 a las autoridades colombianas con el objetivo de restablecer la comunicaci\u00f3n directa entre gobiernos y coordinar medidas conjuntas para contener el contagio del coronavirus (Covid-19).<\/p>\n\n\n\n<p>\u201cCompartimos una de las fronteras m\u00e1s vivas que tiene el continente, son 2.219 kil\u00f3metros de l\u00edmite fronterizo y tenemos la responsabilidad con ambos pueblos, m\u00e1s all\u00e1 de cualquier diferencia ideol\u00f3gica, pol\u00edtica, coyuntural o estructural que exista. Se trata de una pandemia ya declarada por la Organizaci\u00f3n Mundial de la Salud y hay que atenderla\u201d, destac\u00f3 en entrevista ofrecida a W Radio Colombia, rese\u00f1\u00f3 nota de prensa de la Canciller\u00eda.<\/p>\n\n\n\n<p>Inform\u00f3 que el Gobierno Bolivariano ha intentado establecer contacto con los ministros de Salud y Defensa de Colombia, Fernando Ruiz y Carlos Holmes Trujillo, respectivamente, pero ha sido imposible.<\/p>\n\n\n\n<p>\u201cQueremos evitar una decisi\u00f3n unilateral, por eso queremos comunicarnos, ver cu\u00e1l es la realidad del otro lado de T\u00e1chira y tomar decisiones preventivas conjuntas\u201d, asever\u00f3.<\/p>\n\n\n\n<p>Finalmente, Arreaza afirm\u00f3 que el riesgo es compartido y en el caso de Venezuela las pruebas de detecci\u00f3n del Covid-19 est\u00e1n garantizadas de manera gratuita, gracias a la colaboraci\u00f3n que existe con la Rep\u00fablica Popular China. UN<\/p>\n","protected":false},"excerpt":{"rendered":"<p>El ministro del Poder Popular para Relaciones Exteriores de la Rep\u00fablica Bolivariana de Venezuela, Jorge Arreaza, llam\u00f3 a las autoridades colombianas con el objetivo de restablecer la comunicaci\u00f3n directa entre gobiernos y coordinar medidas conjuntas para contener el contagio del coronavirus (Covid-19). \u201cCompartimos una de las fronteras m\u00e1s vivas que tiene el continente, son 2.219 [&hellip;]<\/p>\n","protected":false},"author":2,"featured_media":163604,"comment_status":"closed","ping_status":"closed","sticky":false,"template":"","format":"standard","meta":{"footnotes":""},"categories":[5,9],"tags":[],"class_list":{"0":"post-163603","1":"post","2":"type-post","3":"status-publish","4":"format-standard","5":"has-post-thumbnail","7":"category-destacado","8":"category-nacionales"},"_links":{"self":[{"href":"https:\/\/elluchador.info\/index.php?rest_route=\/wp\/v2\/posts\/163603","targetHints":{"allow":["GET"]}}],"collection":[{"href":"https:\/\/elluchador.info\/index.php?rest_route=\/wp\/v2\/posts"}],"about":[{"href":"https:\/\/elluchador.info\/index.php?rest_route=\/wp\/v2\/types\/post"}],"author":[{"embeddable":true,"href":"https:\/\/elluchador.info\/index.php?rest_route=\/wp\/v2\/users\/2"}],"replies":[{"embeddable":true,"href":"https:\/\/elluchador.info\/index.php?rest_route=%2Fwp%2Fv2%2Fcomments&post=163603"}],"version-history":[{"count":1,"href":"https:\/\/elluchador.info\/index.php?rest_route=\/wp\/v2\/posts\/163603\/revisions"}],"predecessor-version":[{"id":163605,"href":"https:\/\/elluchador.info\/index.php?rest_route=\/wp\/v2\/posts\/163603\/revisions\/163605"}],"wp:featuredmedia":[{"embeddable":true,"href":"https:\/\/elluchador.info\/index.php?rest_route=\/wp\/v2\/media\/163604"}],"wp:attachment":[{"href":"https:\/\/elluchador.info\/index.php?rest_route=%2Fwp%2Fv2%2Fmedia&parent=163603"}],"wp:term":[{"taxonomy":"category","embeddable":true,"href":"https:\/\/elluchador.info\/index.php?rest_route=%2Fwp%2Fv2%2Fcategories&post=163603"},{"taxonomy":"post_tag","embeddable":true,"href":"https:\/\/elluchador.info\/index.php?rest_route=%2Fwp%2Fv2%2Ftags&post=163603"}],"curies":[{"name":"wp","href":"https:\/\/api.w.org\/{rel}","templated":true}]}}