{"id":163614,"date":"2020-03-15T18:20:08","date_gmt":"2020-03-15T22:20:08","guid":{"rendered":"https:\/\/elluchador.info\/web\/?p=163614"},"modified":"2020-03-15T18:09:49","modified_gmt":"2020-03-15T22:09:49","slug":"presidente-nicolas-maduro-van-17-casos-por-coronavirus","status":"publish","type":"post","link":"https:\/\/elluchador.info\/?p=163614","title":{"rendered":"Presidente Nicol\u00e1s Maduro: Van 17 casos por coronavirus"},"content":{"rendered":"\n<p>El Presidente de la Rep\u00fablica, Nicol\u00e1s Maduro inform\u00f3 hoy el aumento a 17 de los casos confirmados por coronavirus (Covid-19) en el pa\u00eds. Detall\u00f3 que cuatro de ellos llegaron de Europa, uno de C\u00facuta, Colombia y el resto de pa\u00edses.<\/p>\n\n\n\n<p>Anunci\u00f3 tambi\u00e9n que desde ma\u00f1ana a las 5 de la ma\u00f1ana entra en cuarentena preventiva social y colectiva la Zona de Defensa Integral \u00a0N\u00b01 que comprende Caracas, La Guaira, Miranda, Zulia, T\u00e1chira, Apure y Cojedes.<\/p>\n\n\n\n<p>\u201cLa cuarentena colectiva y social es quedarse en sus casas\nde manera obligatoria para evitar la propagaci\u00f3n del coronavirus, solo estar\u00e1n\nen funcionamiento las \u00e1reas de servicio p\u00fablico, transporte, cuerpos de\nseguridad y protecci\u00f3n\u201d, inform\u00f3 el mandatario nacional.<\/p>\n\n\n\n<p>\u201cNo se debe salir de la casa salvo para cubrir necesidades\nespeciales\u2026 O vamos a la cuarentena o la pandemia nos puede abatir como est\u00e1\nsucediendo tr\u00e1gicamente en Europa. Hacemos lo que est\u00e1 a nuestro alcance y m\u00e1s\nall\u00e1\u2026 Llamo a la uni\u00f3n nacional\u201d, indic\u00f3.<\/p>\n\n\n\n<p>Es de recordar que el pasado viernes fueron confirmados los dos primeros casos del pa\u00eds y el pasado s\u00e1bado otros ocho.<\/p>\n\n\n\n<p>\u201cAgradezco a la Rep\u00fablica Popular China por toda la\ncolaboraci\u00f3n y orientaci\u00f3n que nos est\u00e1n dando\u201d, manifest\u00f3 el Jefe de Estado.<strong> Redacci\u00f3n<\/strong><\/p>\n","protected":false},"excerpt":{"rendered":"<p>El Presidente de la Rep\u00fablica, Nicol\u00e1s Maduro inform\u00f3 hoy el aumento a 17 de los casos confirmados por coronavirus (Covid-19) en el pa\u00eds. Detall\u00f3 que cuatro de ellos llegaron de Europa, uno de C\u00facuta, Colombia y el resto de pa\u00edses. Anunci\u00f3 tambi\u00e9n que desde ma\u00f1ana a las 5 de la ma\u00f1ana entra en cuarentena preventiva [&hellip;]<\/p>\n","protected":false},"author":2,"featured_media":163615,"comment_status":"closed","ping_status":"closed","sticky":false,"template":"","format":"standard","meta":{"footnotes":""},"categories":[5,9],"tags":[],"class_list":{"0":"post-163614","1":"post","2":"type-post","3":"status-publish","4":"format-standard","5":"has-post-thumbnail","7":"category-destacado","8":"category-nacionales"},"_links":{"self":[{"href":"https:\/\/elluchador.info\/index.php?rest_route=\/wp\/v2\/posts\/163614","targetHints":{"allow":["GET"]}}],"collection":[{"href":"https:\/\/elluchador.info\/index.php?rest_route=\/wp\/v2\/posts"}],"about":[{"href":"https:\/\/elluchador.info\/index.php?rest_route=\/wp\/v2\/types\/post"}],"author":[{"embeddable":true,"href":"https:\/\/elluchador.info\/index.php?rest_route=\/wp\/v2\/users\/2"}],"replies":[{"embeddable":true,"href":"https:\/\/elluchador.info\/index.php?rest_route=%2Fwp%2Fv2%2Fcomments&post=163614"}],"version-history":[{"count":1,"href":"https:\/\/elluchador.info\/index.php?rest_route=\/wp\/v2\/posts\/163614\/revisions"}],"predecessor-version":[{"id":163616,"href":"https:\/\/elluchador.info\/index.php?rest_route=\/wp\/v2\/posts\/163614\/revisions\/163616"}],"wp:featuredmedia":[{"embeddable":true,"href":"https:\/\/elluchador.info\/index.php?rest_route=\/wp\/v2\/media\/163615"}],"wp:attachment":[{"href":"https:\/\/elluchador.info\/index.php?rest_route=%2Fwp%2Fv2%2Fmedia&parent=163614"}],"wp:term":[{"taxonomy":"category","embeddable":true,"href":"https:\/\/elluchador.info\/index.php?rest_route=%2Fwp%2Fv2%2Fcategories&post=163614"},{"taxonomy":"post_tag","embeddable":true,"href":"https:\/\/elluchador.info\/index.php?rest_route=%2Fwp%2Fv2%2Ftags&post=163614"}],"curies":[{"name":"wp","href":"https:\/\/api.w.org\/{rel}","templated":true}]}}