{"id":163647,"date":"2020-03-16T12:14:54","date_gmt":"2020-03-16T16:14:54","guid":{"rendered":"https:\/\/elluchador.info\/web\/?p=163647"},"modified":"2020-03-16T12:04:13","modified_gmt":"2020-03-16T16:04:13","slug":"comunicado-fedecamaras-bolivar-toma-medidas-de-prevision-ante-covid-19","status":"publish","type":"post","link":"https:\/\/elluchador.info\/?p=163647","title":{"rendered":"Comunicado: Fedec\u00e1maras Bol\u00edvar toma medidas de previsi\u00f3n ante covid-19"},"content":{"rendered":"\n<p>Desde la Federaci\u00f3n de C\u00e1maras y Asociaciones de Comercio y\nProducci\u00f3n de Venezuela (Fedec\u00e1maras) en el estado Bol\u00edvar, queremos manifestar\nnuestra preocupaci\u00f3n por la presencia del Covid-19 en Venezuela y ofrecer\nnuestro inquebrantable compromiso por mitigar el impacto en la poblaci\u00f3n y en\nla ya deteriorada econom\u00eda de la naci\u00f3n. <\/p>\n\n\n\n<p>El sector productivo est\u00e1 consciente de lo que significa enfrentarse\nen las actuales circunstancias a esta pandemia mundial, que sin duda alguna\ntendr\u00e1 severos impactos que requerir\u00e1n de un oportuno y necesario plan de\nacci\u00f3n que garantice su contenci\u00f3n y mitigue los efectos en la poblaci\u00f3n\nvenezolana.<\/p>\n\n\n\n<p>En un panorama con un aparato productivo nacional que trabaja en un\n30% de su capacidad instalada, con carencias estructurales por la deficiencia\nen los servicios p\u00fablicos, la falta de talento humano y la ausencia de\nseguridad jur\u00eddica, personal y econ\u00f3mica, Fedec\u00e1maras se compromete en hacer\ntodos los esfuerzos para mantenerse operativos, continuar respondiendo a las\nnecesidades de la poblaci\u00f3n, y mantener operativa la cadena de suministros para\nseguir ofreciendo los bienes y servicios que demanda la colectividad, con las\ngarant\u00edas de seguridad para nuestro entorno.<\/p>\n\n\n\n<p>Hacemos un llamado a nuestros afiliados, c\u00e1maras base y relacionados,\na suspender toda actividad que involucre la reuni\u00f3n masiva de personas, como\nconferencias, talleres, encuentros de deliberaci\u00f3n empresarial, etc, con el\nobjetivo de disminuir las posibilidades de transmisi\u00f3n del virus.<\/p>\n\n\n\n<p>Al sector de distribuci\u00f3n de alimentos, salud, seguridad y\ntransporte los exhortamos a garantizar altos est\u00e1ndares de higiene y protecci\u00f3n\npara empleados y p\u00fablico en general, y administrar sus inventarios de manera\neficiente para brindar soluci\u00f3n a los guayacitanos y evitar la reventa y la\nusura.<\/p>\n\n\n\n<p>En estos momentos el pa\u00eds necesita de la cooperaci\u00f3n y solidaridad\nde todos los sectores y actores sociales, para que juntos logremos contribuir\nde manera responsable con la salud en nuestra naci\u00f3n, y disminuyamos el impacto\nde esta enfermedad. <\/p>\n\n\n\n<p>Asimismo, Venezuela exige respuestas oportunas y articuladas,\ninformaci\u00f3n actualizada sobre el avance de esta enfermedad, y que sus l\u00edderes\ndejen de lado las profundas diferencias para asumir la responsabilidad que se\ntiene frente a la sociedad, y as\u00ed lograr ofrecer de manera solidaria los\nrecursos y capacidades existentes.<\/p>\n\n\n\n<p>Al p\u00fablico general le invitamos a mantener la calma y a ser\nresponsables, a guiarse por informaci\u00f3n oficial, brindada por entes\ncompetentes, y a evitar replicar informaci\u00f3n de dudosa procedencia que promueve\nel nerviosismo y altera a la poblaci\u00f3n. <\/p>\n\n\n\n<p>Finalmente hacemos un llamado a seguir las recomendaciones de las\nautoridades e instancias competentes, acatar los protocolos de prevenci\u00f3n, y a\nsolicitar de inmediato toda la ayuda financiera y humanitaria que sea\nnecesaria. <\/p>\n\n\n\n<p>Trabajando juntos, como naci\u00f3n, podemos prevenir y hacer frente de manera eficaz a esta pandemia que afecta al mundo en este momento.<\/p>\n\n\n\n<p><strong>Fedecamaras Bol\u00edvar <\/strong><\/p>\n","protected":false},"excerpt":{"rendered":"<p>Desde la Federaci\u00f3n de C\u00e1maras y Asociaciones de Comercio y Producci\u00f3n de Venezuela (Fedec\u00e1maras) en el estado Bol\u00edvar, queremos manifestar nuestra preocupaci\u00f3n por la presencia del Covid-19 en Venezuela y ofrecer nuestro inquebrantable compromiso por mitigar el impacto en la poblaci\u00f3n y en la ya deteriorada econom\u00eda de la naci\u00f3n. El sector productivo est\u00e1 consciente [&hellip;]<\/p>\n","protected":false},"author":2,"featured_media":163648,"comment_status":"closed","ping_status":"closed","sticky":false,"template":"","format":"standard","meta":{"footnotes":""},"categories":[5,12],"tags":[],"class_list":{"0":"post-163647","1":"post","2":"type-post","3":"status-publish","4":"format-standard","5":"has-post-thumbnail","7":"category-destacado","8":"category-regionales"},"_links":{"self":[{"href":"https:\/\/elluchador.info\/index.php?rest_route=\/wp\/v2\/posts\/163647","targetHints":{"allow":["GET"]}}],"collection":[{"href":"https:\/\/elluchador.info\/index.php?rest_route=\/wp\/v2\/posts"}],"about":[{"href":"https:\/\/elluchador.info\/index.php?rest_route=\/wp\/v2\/types\/post"}],"author":[{"embeddable":true,"href":"https:\/\/elluchador.info\/index.php?rest_route=\/wp\/v2\/users\/2"}],"replies":[{"embeddable":true,"href":"https:\/\/elluchador.info\/index.php?rest_route=%2Fwp%2Fv2%2Fcomments&post=163647"}],"version-history":[{"count":1,"href":"https:\/\/elluchador.info\/index.php?rest_route=\/wp\/v2\/posts\/163647\/revisions"}],"predecessor-version":[{"id":163649,"href":"https:\/\/elluchador.info\/index.php?rest_route=\/wp\/v2\/posts\/163647\/revisions\/163649"}],"wp:featuredmedia":[{"embeddable":true,"href":"https:\/\/elluchador.info\/index.php?rest_route=\/wp\/v2\/media\/163648"}],"wp:attachment":[{"href":"https:\/\/elluchador.info\/index.php?rest_route=%2Fwp%2Fv2%2Fmedia&parent=163647"}],"wp:term":[{"taxonomy":"category","embeddable":true,"href":"https:\/\/elluchador.info\/index.php?rest_route=%2Fwp%2Fv2%2Fcategories&post=163647"},{"taxonomy":"post_tag","embeddable":true,"href":"https:\/\/elluchador.info\/index.php?rest_route=%2Fwp%2Fv2%2Ftags&post=163647"}],"curies":[{"name":"wp","href":"https:\/\/api.w.org\/{rel}","templated":true}]}}