{"id":163788,"date":"2020-03-18T11:20:04","date_gmt":"2020-03-18T15:20:04","guid":{"rendered":"https:\/\/elluchador.info\/web\/?p=163788"},"modified":"2020-03-18T11:14:40","modified_gmt":"2020-03-18T15:14:40","slug":"iran-reporta-147-nuevos-fallecimientos-por-covid-19","status":"publish","type":"post","link":"https:\/\/elluchador.info\/?p=163788","title":{"rendered":"Ir\u00e1n reporta 147 nuevos fallecimientos por Covid-19"},"content":{"rendered":"\n<p>Ir\u00e1n anunci\u00f3 este mi\u00e9rcoles 18 de marzo&nbsp;147 nuevos fallecidos por el coronavirus, un nuevo r\u00e9cord diario, lo que lleva el balance total a 1.135.<\/p>\n\n\n\n<p>\u00abAhora todo el mundo conoce esta enfermedad y es muy extra\u00f1o que algunos no se la tomen en serio\u00bb, dijo el viceministro de Sanidad, Alireza Raisi, en una rueda de prensa televisada.<\/p>\n\n\n\n<p>Por su parte el presidente iran\u00ed, Hasan Rohani, defendi\u00f3 el mi\u00e9rcoles la gesti\u00f3n de la pandemia, a pesar de que no impuso todav\u00eda el confinamiento total.<\/p>\n\n\n\n<p>\u00abAlgunos se preguntan por qu\u00e9 el gobierno no interviene pero creo que ha intervenido de manera significativa\u00bb, dijo.<\/p>\n\n\n\n<p>\u00abSe han hecho grandes cosas, medidas que ning\u00fan otro pa\u00eds ha tomado\u00bb, explic\u00f3 el presidente en una intervenci\u00f3n televisada tras la reuni\u00f3n semanal de su gabinete.<\/p>\n\n\n\n<p>\u00abPasaremos estos d\u00edas duros\u00bb, a\u00f1adi\u00f3 junto a varios de sus ministros, llevando mascarillas.<\/p>\n\n\n\n<p>En las \u00faltimas 24 horas se confirmaron 1.192 nuevas infecciones en Ir\u00e1n, lo que lleva el total a 17.361.<\/p>\n\n\n\n<p>La provincia de Teher\u00e1n es la m\u00e1s afectada, con 213 nuevos casos.<\/p>\n\n\n\n<p>Isfah\u00e1n, en el centro del pa\u00eds, es la segunda, con 162 casos, seguidas por Azerbaiy\u00e1n Este, con 84.<\/p>\n\n\n\n<p>El viceministro Alireza Raisi se quej\u00f3 que en Teher\u00e1n los \u00abbazares est\u00e1n llenos\u00bb y que la gente viaja en coche a pesar de las advertencias de no hacerlo.<\/p>\n\n\n\n<p>Ir\u00e1n todav\u00eda no decret\u00f3 el confinamiento pero pidi\u00f3 a la poblaci\u00f3n que se quede en casa durante las vacaciones de A\u00f1o Nuevo, que empiezan el 20 de marzo y duran hasta abril.<\/p>\n\n\n\n<p> Panorama<\/p>\n","protected":false},"excerpt":{"rendered":"<p>Ir\u00e1n anunci\u00f3 este mi\u00e9rcoles 18 de marzo&nbsp;147 nuevos fallecidos por el coronavirus, un nuevo r\u00e9cord diario, lo que lleva el balance total a 1.135. \u00abAhora todo el mundo conoce esta enfermedad y es muy extra\u00f1o que algunos no se la tomen en serio\u00bb, dijo el viceministro de Sanidad, Alireza Raisi, en una rueda de prensa [&hellip;]<\/p>\n","protected":false},"author":2,"featured_media":163789,"comment_status":"closed","ping_status":"closed","sticky":false,"template":"","format":"standard","meta":{"footnotes":""},"categories":[5,8],"tags":[],"class_list":{"0":"post-163788","1":"post","2":"type-post","3":"status-publish","4":"format-standard","5":"has-post-thumbnail","7":"category-destacado","8":"category-internacionales"},"_links":{"self":[{"href":"https:\/\/elluchador.info\/index.php?rest_route=\/wp\/v2\/posts\/163788","targetHints":{"allow":["GET"]}}],"collection":[{"href":"https:\/\/elluchador.info\/index.php?rest_route=\/wp\/v2\/posts"}],"about":[{"href":"https:\/\/elluchador.info\/index.php?rest_route=\/wp\/v2\/types\/post"}],"author":[{"embeddable":true,"href":"https:\/\/elluchador.info\/index.php?rest_route=\/wp\/v2\/users\/2"}],"replies":[{"embeddable":true,"href":"https:\/\/elluchador.info\/index.php?rest_route=%2Fwp%2Fv2%2Fcomments&post=163788"}],"version-history":[{"count":1,"href":"https:\/\/elluchador.info\/index.php?rest_route=\/wp\/v2\/posts\/163788\/revisions"}],"predecessor-version":[{"id":163790,"href":"https:\/\/elluchador.info\/index.php?rest_route=\/wp\/v2\/posts\/163788\/revisions\/163790"}],"wp:featuredmedia":[{"embeddable":true,"href":"https:\/\/elluchador.info\/index.php?rest_route=\/wp\/v2\/media\/163789"}],"wp:attachment":[{"href":"https:\/\/elluchador.info\/index.php?rest_route=%2Fwp%2Fv2%2Fmedia&parent=163788"}],"wp:term":[{"taxonomy":"category","embeddable":true,"href":"https:\/\/elluchador.info\/index.php?rest_route=%2Fwp%2Fv2%2Fcategories&post=163788"},{"taxonomy":"post_tag","embeddable":true,"href":"https:\/\/elluchador.info\/index.php?rest_route=%2Fwp%2Fv2%2Ftags&post=163788"}],"curies":[{"name":"wp","href":"https:\/\/api.w.org\/{rel}","templated":true}]}}