{"id":163791,"date":"2020-03-18T11:25:00","date_gmt":"2020-03-18T15:25:00","guid":{"rendered":"https:\/\/elluchador.info\/web\/?p=163791"},"modified":"2020-03-18T11:19:13","modified_gmt":"2020-03-18T15:19:13","slug":"chile-decreto-estado-de-excepcion-por-catastrofe","status":"publish","type":"post","link":"https:\/\/elluchador.info\/?p=163791","title":{"rendered":"Chile decret\u00f3 \u00abestado de excepci\u00f3n por cat\u00e1strofe\u00bb"},"content":{"rendered":"\n<p>El presidente de&nbsp;<a href=\"https:\/\/rpp.pe\/futbol\/futbol-mundial\/coronavirus-chile-y-bolivia-se-suman-a-la-suspension-del-futbol-por-el-covid-19-noticia-1251891\"><strong>Chile<\/strong><\/a>,&nbsp;<a href=\"https:\/\/rpp.pe\/mundo\/actualidad\/coronavirus-covid-19-chile-sebastian-pinera-anuncio-el-cierre-de-fronteras-tras-confirmar-155-casos-de-covid-19-en-chile-noticia-1251811\"><strong>Sebasti\u00e1n Pi\u00f1era<\/strong><\/a>, decret\u00f3 el \u00ab<strong>estado de excepci\u00f3n constitucional por cat\u00e1strofe\u00bb<\/strong>, medida que deja en manos de las&nbsp;<strong>Fuerzas Armadas<\/strong>&nbsp;el resguardo del orden y la seguridad, en momentos que los casos de coronavirus aumentaron a 238 en el pa\u00eds.<\/p>\n\n\n\n<p><strong>\u00abHoy, ejerciendo mis facultades constitucionales he decretado el estado de excepci\u00f3n constitucional por cat\u00e1strofe\u00bb<\/strong>, afirm\u00f3 el mandatario, medida que tendr\u00e1 una vigencia de 90 d\u00edas.<\/p>\n\n\n\n<p>Asimismo, ante el avance de la pandemia, diferentes fuerzas pol\u00edticas y autoridades m\u00e9dicas exploran la posibilidad de&nbsp;<strong>postergar un refer\u00e9ndum para decidir si se reforma la Constituci\u00f3n<\/strong>, previsto para el 26 de abril, y considerado clave para frenar la protesta social.<\/p>\n\n\n\n<p>\u00abEstamos dispuestos a revisar reforma constitucional para el plebiscito del 26 de abril, incluyendo su eventual postergaci\u00f3n para una fecha fija, concreta. La salud de la gente est\u00e1 primero\u00bb, escribi\u00f3 en su cuenta<em>\u00a0Twitter<\/em>\u00a0<strong>Heraldo Mu\u00f1oz<\/strong>, exmilitante socialista, presidente del Partido por la Democracia (PPD) y excanciller del gobierno de<strong>\u00a0Michelle Bachelet<\/strong>\u00a0(2014-2018).<\/p>\n\n\n\n<p><a href=\"https:\/\/rpp.pe\/\"><\/a>RPP Noticias<br><\/p>\n","protected":false},"excerpt":{"rendered":"<p>El presidente de&nbsp;Chile,&nbsp;Sebasti\u00e1n Pi\u00f1era, decret\u00f3 el \u00abestado de excepci\u00f3n constitucional por cat\u00e1strofe\u00bb, medida que deja en manos de las&nbsp;Fuerzas Armadas&nbsp;el resguardo del orden y la seguridad, en momentos que los casos de coronavirus aumentaron a 238 en el pa\u00eds. \u00abHoy, ejerciendo mis facultades constitucionales he decretado el estado de excepci\u00f3n constitucional por cat\u00e1strofe\u00bb, afirm\u00f3 el [&hellip;]<\/p>\n","protected":false},"author":2,"featured_media":163792,"comment_status":"closed","ping_status":"closed","sticky":false,"template":"","format":"standard","meta":{"footnotes":""},"categories":[5,8],"tags":[],"class_list":{"0":"post-163791","1":"post","2":"type-post","3":"status-publish","4":"format-standard","5":"has-post-thumbnail","7":"category-destacado","8":"category-internacionales"},"_links":{"self":[{"href":"https:\/\/elluchador.info\/index.php?rest_route=\/wp\/v2\/posts\/163791","targetHints":{"allow":["GET"]}}],"collection":[{"href":"https:\/\/elluchador.info\/index.php?rest_route=\/wp\/v2\/posts"}],"about":[{"href":"https:\/\/elluchador.info\/index.php?rest_route=\/wp\/v2\/types\/post"}],"author":[{"embeddable":true,"href":"https:\/\/elluchador.info\/index.php?rest_route=\/wp\/v2\/users\/2"}],"replies":[{"embeddable":true,"href":"https:\/\/elluchador.info\/index.php?rest_route=%2Fwp%2Fv2%2Fcomments&post=163791"}],"version-history":[{"count":1,"href":"https:\/\/elluchador.info\/index.php?rest_route=\/wp\/v2\/posts\/163791\/revisions"}],"predecessor-version":[{"id":163793,"href":"https:\/\/elluchador.info\/index.php?rest_route=\/wp\/v2\/posts\/163791\/revisions\/163793"}],"wp:featuredmedia":[{"embeddable":true,"href":"https:\/\/elluchador.info\/index.php?rest_route=\/wp\/v2\/media\/163792"}],"wp:attachment":[{"href":"https:\/\/elluchador.info\/index.php?rest_route=%2Fwp%2Fv2%2Fmedia&parent=163791"}],"wp:term":[{"taxonomy":"category","embeddable":true,"href":"https:\/\/elluchador.info\/index.php?rest_route=%2Fwp%2Fv2%2Fcategories&post=163791"},{"taxonomy":"post_tag","embeddable":true,"href":"https:\/\/elluchador.info\/index.php?rest_route=%2Fwp%2Fv2%2Ftags&post=163791"}],"curies":[{"name":"wp","href":"https:\/\/api.w.org\/{rel}","templated":true}]}}