{"id":163805,"date":"2020-03-18T12:14:50","date_gmt":"2020-03-18T16:14:50","guid":{"rendered":"https:\/\/elluchador.info\/web\/?p=163805"},"modified":"2020-03-18T12:08:25","modified_gmt":"2020-03-18T16:08:25","slug":"colombia-decreta-aislamiento-preventivo-obligatorio-para-mayores-de-70-anos","status":"publish","type":"post","link":"https:\/\/elluchador.info\/?p=163805","title":{"rendered":"Colombia decreta aislamiento preventivo obligatorio para mayores de 70 a\u00f1os"},"content":{"rendered":"\n<p>\n\nEl presidente de Colombia, Iv\u00e1n Duque, decret\u00f3 este martes el aislamiento preventivo obligatorio para las personas mayores de 70 a\u00f1os, quienes son consideradas como \u00abfactor riesgo\u00bb para ser contagiados por el coronavirus (Covid-19).&nbsp;De acuerdo con medios locales, la medida entrar\u00e1 en vigencia a partir de este viernes y se extender\u00e1 hasta el 31 de marzo y forma parte del decreto de Estado de emergencia, declarado en todo el territorio nacional, tras contar con 75 casos confirmados por el brote.&nbsp;<\/p>\n\n\n\n<p>\u00abA partir del viernes 20 de marzo, a las 7:00, hora local, hasta el 31 de mayo, todos los adultos mayores de 70 a\u00f1os deber\u00e1n permanecer en sus hogares, salvo para abastecerse de bienes de consumo y de primera necesidad, utilizar servicios de salud, adquirir medicamentos y acceder a servicios financieros\u00bb, expres\u00f3 Duque en cadena de radio y televisi\u00f3n.<\/p>\n\n\n\n<p>En este sentido, explic\u00f3 que instruy\u00f3 a diferentes entidades para que las personas mayores a 70 a\u00f1os puedan recibir su pensi\u00f3n o canasta alimentaria de la manera m\u00e1s efectiva para ellos, as\u00ed como asever\u00f3 que el Ministerio de Salud se encargar\u00e1 de prestar sus servicios a estos ciudadanos a domicilio.&nbsp;<\/p>\n\n\n\n<p>Esta medida se suma al cierre de bares, discotecas y clubes nocturnos para evitar la propagaci\u00f3n del virus, que ha dejado el saldo de m\u00e1s de 180.000 infectados a escala internacional. De igual forma, la suspensi\u00f3n de clases hasta el\u00a020 de abril.\u00a0<\/p>\n\n\n\n<p>\n\nYvke Mundial\n\n<\/p>\n","protected":false},"excerpt":{"rendered":"<p>El presidente de Colombia, Iv\u00e1n Duque, decret\u00f3 este martes el aislamiento preventivo obligatorio para las personas mayores de 70 a\u00f1os, quienes son consideradas como \u00abfactor riesgo\u00bb para ser contagiados por el coronavirus (Covid-19).&nbsp;De acuerdo con medios locales, la medida entrar\u00e1 en vigencia a partir de este viernes y se extender\u00e1 hasta el 31 de marzo [&hellip;]<\/p>\n","protected":false},"author":2,"featured_media":163807,"comment_status":"closed","ping_status":"closed","sticky":false,"template":"","format":"standard","meta":{"footnotes":""},"categories":[5,8],"tags":[],"class_list":{"0":"post-163805","1":"post","2":"type-post","3":"status-publish","4":"format-standard","5":"has-post-thumbnail","7":"category-destacado","8":"category-internacionales"},"_links":{"self":[{"href":"https:\/\/elluchador.info\/index.php?rest_route=\/wp\/v2\/posts\/163805","targetHints":{"allow":["GET"]}}],"collection":[{"href":"https:\/\/elluchador.info\/index.php?rest_route=\/wp\/v2\/posts"}],"about":[{"href":"https:\/\/elluchador.info\/index.php?rest_route=\/wp\/v2\/types\/post"}],"author":[{"embeddable":true,"href":"https:\/\/elluchador.info\/index.php?rest_route=\/wp\/v2\/users\/2"}],"replies":[{"embeddable":true,"href":"https:\/\/elluchador.info\/index.php?rest_route=%2Fwp%2Fv2%2Fcomments&post=163805"}],"version-history":[{"count":1,"href":"https:\/\/elluchador.info\/index.php?rest_route=\/wp\/v2\/posts\/163805\/revisions"}],"predecessor-version":[{"id":163808,"href":"https:\/\/elluchador.info\/index.php?rest_route=\/wp\/v2\/posts\/163805\/revisions\/163808"}],"wp:featuredmedia":[{"embeddable":true,"href":"https:\/\/elluchador.info\/index.php?rest_route=\/wp\/v2\/media\/163807"}],"wp:attachment":[{"href":"https:\/\/elluchador.info\/index.php?rest_route=%2Fwp%2Fv2%2Fmedia&parent=163805"}],"wp:term":[{"taxonomy":"category","embeddable":true,"href":"https:\/\/elluchador.info\/index.php?rest_route=%2Fwp%2Fv2%2Fcategories&post=163805"},{"taxonomy":"post_tag","embeddable":true,"href":"https:\/\/elluchador.info\/index.php?rest_route=%2Fwp%2Fv2%2Ftags&post=163805"}],"curies":[{"name":"wp","href":"https:\/\/api.w.org\/{rel}","templated":true}]}}