{"id":163806,"date":"2020-03-18T12:37:23","date_gmt":"2020-03-18T16:37:23","guid":{"rendered":"https:\/\/elluchador.info\/web\/?p=163806"},"modified":"2020-03-18T12:27:20","modified_gmt":"2020-03-18T16:27:20","slug":"brasil-registra-segunda-muerte-por-coronavirus-la-primera-en-rio-de-janeiro","status":"publish","type":"post","link":"https:\/\/elluchador.info\/?p=163806","title":{"rendered":"Brasil registra segunda muerte por coronavirus, la primera en R\u00edo de Janeiro"},"content":{"rendered":"\n<p>Brasil registr\u00f3 el martes la segunda muerte por coronavirus, la primera en el estado de&nbsp;<strong>R\u00edo de Janeiro<\/strong>&nbsp;y que se suma a la reportada horas antes&nbsp;<strong>en Sao Paulo<\/strong>, el m\u00e1s poblado del pa\u00eds y afectado por la enfermedad, donde se est\u00e1n investigando otros cuatro decesos.<\/p>\n\n\n\n<p>El Hospital Icara\u00ed de la ciudad de Niteroi, en la regi\u00f3n metropolitana de R\u00edo de Janeiro, comunic\u00f3 la noche de este martes el fallecimiento de un hombre de 69 a\u00f1os de edad que al parecer fue contagiado por su hijastro, quien realiz\u00f3 un reciente viaje a Nueva York y hab\u00eda dado positivo en la prueba del covid-19.<\/p>\n\n\n\n<p>Los s\u00edntomas del paciente comenzaron el d\u00eda 11 de marzo y, adem\u00e1s de la edad, el hombre ten\u00eda&nbsp;<strong>una comorbilidad que lo situaban en el grupo de riesgo<\/strong>, apunt\u00f3 la nota del hospital.<\/p>\n\n\n\n<p>Horas antes, en una rueda de prensa, el coordinador del Centro de Contingencia de Coronavirus de Sao Paulo, David Uip, se\u00f1al\u00f3 que&nbsp;<strong>la primera v\u00edctima es un hombre de 62 a\u00f1os de edad,<\/strong>&nbsp;residente en la ciudad de Sao Paulo y con un hist\u00f3rico de hipertensi\u00f3n y diabetes, adem\u00e1s de hiperplasia prost\u00e1tica.<\/p>\n\n\n\n<p>\u00abTuvo una evoluci\u00f3n r\u00e1pida, de la internaci\u00f3n al \u00f3bito\u00bb, lament\u00f3 Uip, quien se\u00f1al\u00f3 que la v\u00edctima empez\u00f3 a tener s\u00edntomas de la enfermedad el d\u00eda 10 de marzo, fue internada 4 d\u00edas despu\u00e9s, el d\u00eda 14, y falleci\u00f3 la tarde de la v\u00edspera.<\/p>\n\n\n\n<p>El hombre, que no ten\u00eda hist\u00f3rico de viajes al exterior y por tanto se trata de una transmisi\u00f3n comunitaria del virus, falleci\u00f3 en un hospital privado de Sao Paulo.<\/p>\n\n\n\n<p>Esta misma instituci\u00f3n registr\u00f3 recientemente otras cuatro muertes, cuyos agentes est\u00e1n siendo investigadas por las autoridades sanitarias.<\/p>\n\n\n\n<p>A partir de este primer caso confirmado, que demostr\u00f3 un breve per\u00edodo de incubaci\u00f3n, el gobierno de Sao Paulo inform\u00f3 que sugerir\u00e1 al Ministerio de Salud disminuir el tiempo de cuarentena de 14 a 10 d\u00edas.<\/p>\n\n\n\n<p>ElNacional<\/p>\n","protected":false},"excerpt":{"rendered":"<p>Brasil registr\u00f3 el martes la segunda muerte por coronavirus, la primera en el estado de&nbsp;R\u00edo de Janeiro&nbsp;y que se suma a la reportada horas antes&nbsp;en Sao Paulo, el m\u00e1s poblado del pa\u00eds y afectado por la enfermedad, donde se est\u00e1n investigando otros cuatro decesos. El Hospital Icara\u00ed de la ciudad de Niteroi, en la regi\u00f3n [&hellip;]<\/p>\n","protected":false},"author":2,"featured_media":163813,"comment_status":"closed","ping_status":"closed","sticky":false,"template":"","format":"standard","meta":{"footnotes":""},"categories":[5,8],"tags":[],"class_list":{"0":"post-163806","1":"post","2":"type-post","3":"status-publish","4":"format-standard","5":"has-post-thumbnail","7":"category-destacado","8":"category-internacionales"},"_links":{"self":[{"href":"https:\/\/elluchador.info\/index.php?rest_route=\/wp\/v2\/posts\/163806","targetHints":{"allow":["GET"]}}],"collection":[{"href":"https:\/\/elluchador.info\/index.php?rest_route=\/wp\/v2\/posts"}],"about":[{"href":"https:\/\/elluchador.info\/index.php?rest_route=\/wp\/v2\/types\/post"}],"author":[{"embeddable":true,"href":"https:\/\/elluchador.info\/index.php?rest_route=\/wp\/v2\/users\/2"}],"replies":[{"embeddable":true,"href":"https:\/\/elluchador.info\/index.php?rest_route=%2Fwp%2Fv2%2Fcomments&post=163806"}],"version-history":[{"count":1,"href":"https:\/\/elluchador.info\/index.php?rest_route=\/wp\/v2\/posts\/163806\/revisions"}],"predecessor-version":[{"id":163817,"href":"https:\/\/elluchador.info\/index.php?rest_route=\/wp\/v2\/posts\/163806\/revisions\/163817"}],"wp:featuredmedia":[{"embeddable":true,"href":"https:\/\/elluchador.info\/index.php?rest_route=\/wp\/v2\/media\/163813"}],"wp:attachment":[{"href":"https:\/\/elluchador.info\/index.php?rest_route=%2Fwp%2Fv2%2Fmedia&parent=163806"}],"wp:term":[{"taxonomy":"category","embeddable":true,"href":"https:\/\/elluchador.info\/index.php?rest_route=%2Fwp%2Fv2%2Fcategories&post=163806"},{"taxonomy":"post_tag","embeddable":true,"href":"https:\/\/elluchador.info\/index.php?rest_route=%2Fwp%2Fv2%2Ftags&post=163806"}],"curies":[{"name":"wp","href":"https:\/\/api.w.org\/{rel}","templated":true}]}}