{"id":163852,"date":"2020-03-18T14:34:14","date_gmt":"2020-03-18T18:34:14","guid":{"rendered":"https:\/\/elluchador.info\/web\/?p=163852"},"modified":"2020-03-18T14:28:35","modified_gmt":"2020-03-18T18:28:35","slug":"el-presidente-de-lombardia-pronto-no-podremos-dar-respuesta-a-los-enfermos","status":"publish","type":"post","link":"https:\/\/elluchador.info\/?p=163852","title":{"rendered":"El presidente de Lombard\u00eda: \u00abPronto no podremos dar respuesta a los enfermos\u00bb"},"content":{"rendered":"\n<p>\n\nEl presidente de la regi\u00f3n septentrional italiana de Lombard\u00eda, Attilio Fontana, advirti\u00f3 de que \u00abdentro de poco\u00bb el sistema sanitario no estar\u00e1 \u00aben condiciones de dar una respuesta a quien enferma\u00bb, y rog\u00f3 encarecidamente a la poblaci\u00f3n que no salga de sus casas o de lo contrario se tendr\u00e1n que aplicar medidas m\u00e1s estrictas.<\/p>\n\n\n\n<p>\u00abAmigos, lo digo educadamente, pero si no lo entend\u00e9is por las buenas habr\u00e1 que ser m\u00e1s agresivos: No salg\u00e1is de casa\u00bb, afirm\u00f3 Fontana en una rueda de prensa, en la que subray\u00f3 que \u00abdesgraciadamente, el n\u00famero de contagios no se reduce y sigue siendo alto\u00bb.<\/p>\n\n\n\n<p>Lombard\u00eda, cuya capital es Mil\u00e1n, con 16.000 casos y 1.640 fallecidos, es la regi\u00f3n de Italia m\u00e1s golpeada por el coronavirus y donde se concentra la mitad de todos los casos del pa\u00eds, por lo que el presidente regional lanz\u00f3 un mensaje a sus ciudadanos con tono de s\u00faplica: \u00abcada salida de casa es un riesgo para vosotros y para los dem\u00e1s\u00bb.<\/p>\n\n\n\n<p>Si la situaci\u00f3n sigue igual, sigui\u00f3 Fontana, se pedir\u00e1 al Gobierno italiano que tome \u00abmedidas m\u00e1s rigurosas\u00bb respecto al confinamiento de la poblaci\u00f3n.<\/p>\n\n\n\n<p>\u00abNadie os pide un sacrificio grande, os lo pedimos para salvar las vidas humanas\u00bb, subray\u00f3 Fontana, del partido ultraderechista Liga, que insisti\u00f3 en que \u00abnada de dar pase\u00edtos\u00bb o de salir a la calle con la excusa de ir a la compra sin necesidad de ello.<\/p>\n\n\n\n<p>Seg\u00fan datos publicados hoy y conocidos a trav\u00e9s de la localizaci\u00f3n de los tel\u00e9fonos m\u00f3viles, un 40% de la poblaci\u00f3n de Lombard\u00eda (el motor econ\u00f3mico de Italia) sigue desplaz\u00e1ndose habitualmente, muchos por motivos de trabajo pero otros por movimientos \u00absuperfluos\u00bb, seg\u00fan el consejero de Sanidad de la regi\u00f3n, Giulio Gallera.<\/p>\n\n\n\n<p>Mientras, las estructuras sanitarias de esta regi\u00f3n est\u00e1n al l\u00edmite de sus capacidades, especialmente en los puestos de terapia intensiva, por lo que se est\u00e1n habilitando espacios como ferias de muestras para acoger a m\u00e1s pacientes, adem\u00e1s de la construcci\u00f3n de ampliaciones en hospitales como el de San Raffaele de Mil\u00e1n.<\/p>\n\n\n\n<p>En Italia se totalizan 26.000 contagiados y 2.503 fallecidos con el Covid-19. <\/p>\n\n\n\n<p>Panorama<\/p>\n\n\n\n<p><\/p>\n","protected":false},"excerpt":{"rendered":"<p>El presidente de la regi\u00f3n septentrional italiana de Lombard\u00eda, Attilio Fontana, advirti\u00f3 de que \u00abdentro de poco\u00bb el sistema sanitario no estar\u00e1 \u00aben condiciones de dar una respuesta a quien enferma\u00bb, y rog\u00f3 encarecidamente a la poblaci\u00f3n que no salga de sus casas o de lo contrario se tendr\u00e1n que aplicar medidas m\u00e1s estrictas. \u00abAmigos, [&hellip;]<\/p>\n","protected":false},"author":2,"featured_media":163858,"comment_status":"closed","ping_status":"closed","sticky":false,"template":"","format":"standard","meta":{"footnotes":""},"categories":[8],"tags":[],"class_list":{"0":"post-163852","1":"post","2":"type-post","3":"status-publish","4":"format-standard","5":"has-post-thumbnail","7":"category-internacionales"},"_links":{"self":[{"href":"https:\/\/elluchador.info\/index.php?rest_route=\/wp\/v2\/posts\/163852","targetHints":{"allow":["GET"]}}],"collection":[{"href":"https:\/\/elluchador.info\/index.php?rest_route=\/wp\/v2\/posts"}],"about":[{"href":"https:\/\/elluchador.info\/index.php?rest_route=\/wp\/v2\/types\/post"}],"author":[{"embeddable":true,"href":"https:\/\/elluchador.info\/index.php?rest_route=\/wp\/v2\/users\/2"}],"replies":[{"embeddable":true,"href":"https:\/\/elluchador.info\/index.php?rest_route=%2Fwp%2Fv2%2Fcomments&post=163852"}],"version-history":[{"count":1,"href":"https:\/\/elluchador.info\/index.php?rest_route=\/wp\/v2\/posts\/163852\/revisions"}],"predecessor-version":[{"id":163861,"href":"https:\/\/elluchador.info\/index.php?rest_route=\/wp\/v2\/posts\/163852\/revisions\/163861"}],"wp:featuredmedia":[{"embeddable":true,"href":"https:\/\/elluchador.info\/index.php?rest_route=\/wp\/v2\/media\/163858"}],"wp:attachment":[{"href":"https:\/\/elluchador.info\/index.php?rest_route=%2Fwp%2Fv2%2Fmedia&parent=163852"}],"wp:term":[{"taxonomy":"category","embeddable":true,"href":"https:\/\/elluchador.info\/index.php?rest_route=%2Fwp%2Fv2%2Fcategories&post=163852"},{"taxonomy":"post_tag","embeddable":true,"href":"https:\/\/elluchador.info\/index.php?rest_route=%2Fwp%2Fv2%2Ftags&post=163852"}],"curies":[{"name":"wp","href":"https:\/\/api.w.org\/{rel}","templated":true}]}}