{"id":163875,"date":"2020-03-18T18:40:24","date_gmt":"2020-03-18T22:40:24","guid":{"rendered":"https:\/\/elluchador.info\/web\/?p=163875"},"modified":"2020-03-18T18:39:10","modified_gmt":"2020-03-18T22:39:10","slug":"comerciantes-en-ciudad-bolivar-invitan-a-acatar-las-medidas-de-prevencion","status":"publish","type":"post","link":"https:\/\/elluchador.info\/?p=163875","title":{"rendered":"Comerciantes en Ciudad Bol\u00edvar invitan a acatar las medidas de prevenci\u00f3n"},"content":{"rendered":"\n<p>El directorio de la C\u00e1mara de Comercio e Industrias del estado Bol\u00edvar,\npresidido por Degni G\u00f3mez, hace un llamado a los comerciantes y prestadores de\nservicios a quienes no les corresponde mantener sus establecimientos abiertos,\nde acuerdo al Decreto de Alarma Nacional y Cuarentena Social por el\ncoronavirus, a acatar la medida de suspensi\u00f3n de actividades hasta que se\nlevante esta disposici\u00f3n legal.<\/p>\n\n\n\n<p>Seg\u00fan expres\u00f3 G\u00f3mez, el comerciante que tenga su tienda abierta y no\nle corresponda, se est\u00e1 exponiendo a ser sancionado, y destac\u00f3 lo importante\nque es la responsabilidad y la solidaridad en el empresariado en momentos como\neste.<\/p>\n\n\n\n<p>\u00abEstimado comerciante, le hacemos un llamado a la colaboraci\u00f3n y a asumir la responsabilidad necesaria para prevenir la pandemia del coronavirus. Sabemos las implicaciones econ\u00f3micas que tiene un cierre por varios d\u00edas, sin embargo, no tiene sentido permanecer con las santamar\u00edas arriba arriesgando su vida y la de los dem\u00e1s\u00bb, culmin\u00f3 G\u00f3mez.<\/p>\n\n\n\n<p><strong>Prensa CCIEB.-<\/strong><\/p>\n","protected":false},"excerpt":{"rendered":"<p>El directorio de la C\u00e1mara de Comercio e Industrias del estado Bol\u00edvar, presidido por Degni G\u00f3mez, hace un llamado a los comerciantes y prestadores de servicios a quienes no les corresponde mantener sus establecimientos abiertos, de acuerdo al Decreto de Alarma Nacional y Cuarentena Social por el coronavirus, a acatar la medida de suspensi\u00f3n de [&hellip;]<\/p>\n","protected":false},"author":2,"featured_media":163876,"comment_status":"closed","ping_status":"closed","sticky":false,"template":"","format":"standard","meta":{"footnotes":""},"categories":[12],"tags":[],"class_list":{"0":"post-163875","1":"post","2":"type-post","3":"status-publish","4":"format-standard","5":"has-post-thumbnail","7":"category-regionales"},"_links":{"self":[{"href":"https:\/\/elluchador.info\/index.php?rest_route=\/wp\/v2\/posts\/163875","targetHints":{"allow":["GET"]}}],"collection":[{"href":"https:\/\/elluchador.info\/index.php?rest_route=\/wp\/v2\/posts"}],"about":[{"href":"https:\/\/elluchador.info\/index.php?rest_route=\/wp\/v2\/types\/post"}],"author":[{"embeddable":true,"href":"https:\/\/elluchador.info\/index.php?rest_route=\/wp\/v2\/users\/2"}],"replies":[{"embeddable":true,"href":"https:\/\/elluchador.info\/index.php?rest_route=%2Fwp%2Fv2%2Fcomments&post=163875"}],"version-history":[{"count":1,"href":"https:\/\/elluchador.info\/index.php?rest_route=\/wp\/v2\/posts\/163875\/revisions"}],"predecessor-version":[{"id":163877,"href":"https:\/\/elluchador.info\/index.php?rest_route=\/wp\/v2\/posts\/163875\/revisions\/163877"}],"wp:featuredmedia":[{"embeddable":true,"href":"https:\/\/elluchador.info\/index.php?rest_route=\/wp\/v2\/media\/163876"}],"wp:attachment":[{"href":"https:\/\/elluchador.info\/index.php?rest_route=%2Fwp%2Fv2%2Fmedia&parent=163875"}],"wp:term":[{"taxonomy":"category","embeddable":true,"href":"https:\/\/elluchador.info\/index.php?rest_route=%2Fwp%2Fv2%2Fcategories&post=163875"},{"taxonomy":"post_tag","embeddable":true,"href":"https:\/\/elluchador.info\/index.php?rest_route=%2Fwp%2Fv2%2Ftags&post=163875"}],"curies":[{"name":"wp","href":"https:\/\/api.w.org\/{rel}","templated":true}]}}