{"id":164608,"date":"2020-03-27T10:06:05","date_gmt":"2020-03-27T14:06:05","guid":{"rendered":"https:\/\/elluchador.info\/web\/?p=164608"},"modified":"2020-03-27T09:55:08","modified_gmt":"2020-03-27T13:55:08","slug":"jorge-sambrano-situacion-no-se-trata-de-disfrazar-cuarentena-con-un-toque-de-queda","status":"publish","type":"post","link":"https:\/\/elluchador.info\/?p=164608","title":{"rendered":"Jorge Sambrano: Situaci\u00f3n no se trata de disfrazar cuarentena con un \u201ctoque de queda\u201d"},"content":{"rendered":"\n<p>A prop\u00f3sito de la cuarentena social que se viene desarrollando\nen el pa\u00eds como medida para evitar la propagaci\u00f3n del Covid-19, el dirigente\npol\u00edtico municipal de Voluntad Popular, Jorge Francisco Sambrano dijo que, \u201cno\nse trata de disfrazar una cuarentena con un \u00abtoque de queda\u00bb para\naparentar normalidad y que se cuida a la ciudadan\u00eda. Se trata de generar\ncondiciones reales y tangibles para enfrentar una real cuarenta\u201d.<\/p>\n\n\n\n<p>Sambrano hizo un llamado a las autoridades competentes a fin\nde crear pol\u00edticas p\u00fablicas que hagan una gesti\u00f3n eficiente en el\nabastecimiento de servicios b\u00e1sicos a la sociedad, por ejemplo agua potable\npermanente en los hogares, a su juicio, \u201cno se trata solo de fumigar en medio de\nla noticia pand\u00e9mica mundial\u201d<\/p>\n\n\n\n<p>Tambi\u00e9n hizo referencia al llamado hecho a los estudiantes\nde los \u00faltimos a\u00f1os de medicina a sumarse como voluntarios en hospitales para\nhacer frente a la situaci\u00f3n por la que atraviesa el mundo entero ante esta\npandemia.<\/p>\n\n\n\n<p>\u201cEn vez de estar invitando a los estudiantes a mantenerse en\nlos hospitales, lo primero que deben hacer es aprobar el presupuesto\nuniversitario para que los recintos educativos sigan en pie y no en ruinas\nadem\u00e1s de garantizarle condiciones m\u00ednimas al estudiante. A nivel educativo, se\ntrata de aumentar las charlas, conversatorios y herramientas educativas desde\nsu nivel b\u00e1sico hasta el universitario en c\u00f3mo prevenir alguna enfermedad. La\nconciencia es un don que se forma, no que se exige cuando no se fomenta\u201d,\nrefiri\u00f3.<\/p>\n\n\n\n<p>El dirigente pol\u00edtico asever\u00f3 que ante la realidad que hoy\nafecta al mundo con el Coronavirus y en el caso de Venezuela en donde ya se\nreportan m\u00e1s de 100 casos, uno de ellos en el estado Bol\u00edvar, \u201cno se trata de\nobligar a los m\u00e9dicos a ejercer su profesi\u00f3n, sino de dotar toda la red\nhospitalaria y ambulatoria de los insumos reglamentarios para el combate de\nenfermedades as\u00ed como la dotaci\u00f3n de nuevos equipos\u201d.<\/p>\n\n\n\n<p>Finalmente, invit\u00f3 a la ciudadan\u00eda a \u201cno olvidar el da\u00f1o que\nha ocasionado este r\u00e9gimen; ante esta situaci\u00f3n que hoy nos pone en jaque,&nbsp; se trata de esperar el momento perfecto para\ncontinuar con nuestra lucha pol\u00edtica y darle al pa\u00eds el cambio que merece, y\naprender como ciudadanos para que jam\u00e1s volvamos a cometer los errores que nos\nllevaron a la ruina como pa\u00eds\u201d.<strong> Prensa\n@JorgeFSambrano<\/strong><\/p>\n\n\n\n<p><strong>2n2f1:<\/strong> Jorge Sambrano hace un llamado a las autoridades a dar respuestas tangibles en medio de la cuarentena<strong>. <\/strong><\/p>\n\n\n\n<p><strong>Redacci\u00f3n\/GB<\/strong><\/p>\n","protected":false},"excerpt":{"rendered":"<p>A prop\u00f3sito de la cuarentena social que se viene desarrollando en el pa\u00eds como medida para evitar la propagaci\u00f3n del Covid-19, el dirigente pol\u00edtico municipal de Voluntad Popular, Jorge Francisco Sambrano dijo que, \u201cno se trata de disfrazar una cuarentena con un \u00abtoque de queda\u00bb para aparentar normalidad y que se cuida a la ciudadan\u00eda. [&hellip;]<\/p>\n","protected":false},"author":2,"featured_media":164618,"comment_status":"closed","ping_status":"closed","sticky":false,"template":"","format":"standard","meta":{"footnotes":""},"categories":[11],"tags":[],"class_list":{"0":"post-164608","1":"post","2":"type-post","3":"status-publish","4":"format-standard","5":"has-post-thumbnail","7":"category-politica"},"_links":{"self":[{"href":"https:\/\/elluchador.info\/index.php?rest_route=\/wp\/v2\/posts\/164608","targetHints":{"allow":["GET"]}}],"collection":[{"href":"https:\/\/elluchador.info\/index.php?rest_route=\/wp\/v2\/posts"}],"about":[{"href":"https:\/\/elluchador.info\/index.php?rest_route=\/wp\/v2\/types\/post"}],"author":[{"embeddable":true,"href":"https:\/\/elluchador.info\/index.php?rest_route=\/wp\/v2\/users\/2"}],"replies":[{"embeddable":true,"href":"https:\/\/elluchador.info\/index.php?rest_route=%2Fwp%2Fv2%2Fcomments&post=164608"}],"version-history":[{"count":1,"href":"https:\/\/elluchador.info\/index.php?rest_route=\/wp\/v2\/posts\/164608\/revisions"}],"predecessor-version":[{"id":164619,"href":"https:\/\/elluchador.info\/index.php?rest_route=\/wp\/v2\/posts\/164608\/revisions\/164619"}],"wp:featuredmedia":[{"embeddable":true,"href":"https:\/\/elluchador.info\/index.php?rest_route=\/wp\/v2\/media\/164618"}],"wp:attachment":[{"href":"https:\/\/elluchador.info\/index.php?rest_route=%2Fwp%2Fv2%2Fmedia&parent=164608"}],"wp:term":[{"taxonomy":"category","embeddable":true,"href":"https:\/\/elluchador.info\/index.php?rest_route=%2Fwp%2Fv2%2Fcategories&post=164608"},{"taxonomy":"post_tag","embeddable":true,"href":"https:\/\/elluchador.info\/index.php?rest_route=%2Fwp%2Fv2%2Ftags&post=164608"}],"curies":[{"name":"wp","href":"https:\/\/api.w.org\/{rel}","templated":true}]}}