{"id":164609,"date":"2020-03-27T10:00:43","date_gmt":"2020-03-27T14:00:43","guid":{"rendered":"https:\/\/elluchador.info\/web\/?p=164609"},"modified":"2020-03-27T09:53:46","modified_gmt":"2020-03-27T13:53:46","slug":"constantes-bajones-de-luz-afectan-a-habitantes-de-la-parroquia-agua-salada","status":"publish","type":"post","link":"https:\/\/elluchador.info\/?p=164609","title":{"rendered":"Constantes bajones de luz afectan a habitantes de la parroquia Agua Salada"},"content":{"rendered":"\n<p>Esta semana los bajones de luz han estado a la orden del d\u00eda\nen diversos sectores de la parroquia Agua Salada. Quienes se han visto afectado\npor esta situaci\u00f3n informaron al equipo reporteril del diario El Luchador que\nes en horas de la tarde cuando m\u00e1s inestable ha sido el fluido el\u00e9ctrico en\nzonas como la calle Los Pinos, conjuntos residenciales, barrio Libertad, Los Pr\u00f3ceres,\nLa Ceiba, entre otros.<\/p>\n\n\n\n<p>\u201cAqu\u00ed lo que da es miedo prender los aparatos\nelectrodom\u00e9sticos. F\u00edjate, en esta semana se me quemaron dos televisores. A una\nvecina se le da\u00f1\u00f3 la nevera. Ni los protectores resisten tantas fallas en el\nsistema el\u00e9ctrico. Lo peor es que nadie nos va a reponer nuestros equipos y una\nsoluci\u00f3n a este problema la vemos lejos en estos momentos. Imag\u00ednate, estar en\ntu casa todo el d\u00eda por la cuarentena y que adem\u00e1s de no tener agua para\nlavarte las manos ahora no puedas ni siquiera prender el aparato de aire\nacondicionado por temor a que ocurra un baj\u00f3n y se te queme\u201d, expres\u00f3 Jes\u00fas Chirinos,\nhabitante de la zona.<\/p>\n\n\n\n<p>A esta problem\u00e1tica, se le suma las fallas en los servicios de internet y televisi\u00f3n por cable, lo que afecta a decenas de familias quienes ante la medida de prevenci\u00f3n del Covid-19 deben quedarse en su casa para evitar la propagaci\u00f3n del mismo.<strong> <\/strong><\/p>\n\n\n\n<p><strong>Redacci\u00f3n\/GB<\/strong><\/p>\n","protected":false},"excerpt":{"rendered":"<p>Esta semana los bajones de luz han estado a la orden del d\u00eda en diversos sectores de la parroquia Agua Salada. Quienes se han visto afectado por esta situaci\u00f3n informaron al equipo reporteril del diario El Luchador que es en horas de la tarde cuando m\u00e1s inestable ha sido el fluido el\u00e9ctrico en zonas como [&hellip;]<\/p>\n","protected":false},"author":2,"featured_media":164615,"comment_status":"closed","ping_status":"closed","sticky":false,"template":"","format":"standard","meta":{"footnotes":""},"categories":[2],"tags":[],"class_list":{"0":"post-164609","1":"post","2":"type-post","3":"status-publish","4":"format-standard","5":"has-post-thumbnail","7":"category-comunidad"},"_links":{"self":[{"href":"https:\/\/elluchador.info\/index.php?rest_route=\/wp\/v2\/posts\/164609","targetHints":{"allow":["GET"]}}],"collection":[{"href":"https:\/\/elluchador.info\/index.php?rest_route=\/wp\/v2\/posts"}],"about":[{"href":"https:\/\/elluchador.info\/index.php?rest_route=\/wp\/v2\/types\/post"}],"author":[{"embeddable":true,"href":"https:\/\/elluchador.info\/index.php?rest_route=\/wp\/v2\/users\/2"}],"replies":[{"embeddable":true,"href":"https:\/\/elluchador.info\/index.php?rest_route=%2Fwp%2Fv2%2Fcomments&post=164609"}],"version-history":[{"count":1,"href":"https:\/\/elluchador.info\/index.php?rest_route=\/wp\/v2\/posts\/164609\/revisions"}],"predecessor-version":[{"id":164616,"href":"https:\/\/elluchador.info\/index.php?rest_route=\/wp\/v2\/posts\/164609\/revisions\/164616"}],"wp:featuredmedia":[{"embeddable":true,"href":"https:\/\/elluchador.info\/index.php?rest_route=\/wp\/v2\/media\/164615"}],"wp:attachment":[{"href":"https:\/\/elluchador.info\/index.php?rest_route=%2Fwp%2Fv2%2Fmedia&parent=164609"}],"wp:term":[{"taxonomy":"category","embeddable":true,"href":"https:\/\/elluchador.info\/index.php?rest_route=%2Fwp%2Fv2%2Fcategories&post=164609"},{"taxonomy":"post_tag","embeddable":true,"href":"https:\/\/elluchador.info\/index.php?rest_route=%2Fwp%2Fv2%2Ftags&post=164609"}],"curies":[{"name":"wp","href":"https:\/\/api.w.org\/{rel}","templated":true}]}}