{"id":164716,"date":"2020-03-27T13:13:09","date_gmt":"2020-03-27T17:13:09","guid":{"rendered":"https:\/\/elluchador.info\/web\/?p=164716"},"modified":"2020-03-27T13:02:21","modified_gmt":"2020-03-27T17:02:21","slug":"maduro-a-ee-uu-estamos-preparados-para-lo-que-sea","status":"publish","type":"post","link":"https:\/\/elluchador.info\/?p=164716","title":{"rendered":"Maduro a EE.UU.: Estamos preparados para lo que sea"},"content":{"rendered":"\n<p>El presidente, Nicol\u00e1s Maduro, calific\u00f3 como \u00abvulgar y miserable\u00bb las acciones del gobierno de su hom\u00f3logo estadounidense, Donald Trump, y asegur\u00f3 que la denuncia sobre su supuesta vinculaci\u00f3n con organizaciones criminales son \u00abacusaciones falsas\u00bb.<\/p>\n\n\n\n<p><strong>\u00abSi alguien sale da\u00f1ado de esta acci\u00f3n de EEUU es Trump porque nosotros tenemos nuestra moral intacta\u00bb.<\/strong><\/p>\n\n\n\n<p>Agreg\u00f3 que el gobierno nacional est\u00e1 dispuesto a hacer frente a las acusaciones de Estados Unidos en todos los terrenos, \u00aberes un miserable Donald Trump\u00bb.<\/p>\n\n\n\n<p><strong><em>\u00abNosotros estamos preparados para lo que sea, no es Maduro, Diosdado, Padrino, es un pueblo, y nosotros tenemos planes para todos los escenarios\u00bb<\/em><\/strong><\/p>\n\n\n\n<p>El jefe de Estado solicit\u00f3 al canciller Jorge Arreaza iniciar las gestiones con el gobierno de Espa\u00f1a, porque, asegur\u00f3, el dirigente pol\u00edtico \u00abLeopoldo L\u00f3pez usa la embajada de Espa\u00f1a para conspirar\u00bb.<\/p>\n\n\n\n<p><strong><em>Uni\u00f3n Radio<\/em><\/strong><\/p>\n","protected":false},"excerpt":{"rendered":"<p>El presidente, Nicol\u00e1s Maduro, calific\u00f3 como \u00abvulgar y miserable\u00bb las acciones del gobierno de su hom\u00f3logo estadounidense, Donald Trump, y asegur\u00f3 que la denuncia sobre su supuesta vinculaci\u00f3n con organizaciones criminales son \u00abacusaciones falsas\u00bb. \u00abSi alguien sale da\u00f1ado de esta acci\u00f3n de EEUU es Trump porque nosotros tenemos nuestra moral intacta\u00bb. Agreg\u00f3 que el gobierno [&hellip;]<\/p>\n","protected":false},"author":2,"featured_media":164733,"comment_status":"closed","ping_status":"closed","sticky":false,"template":"","format":"standard","meta":{"footnotes":""},"categories":[5,9],"tags":[],"class_list":{"0":"post-164716","1":"post","2":"type-post","3":"status-publish","4":"format-standard","5":"has-post-thumbnail","7":"category-destacado","8":"category-nacionales"},"_links":{"self":[{"href":"https:\/\/elluchador.info\/index.php?rest_route=\/wp\/v2\/posts\/164716","targetHints":{"allow":["GET"]}}],"collection":[{"href":"https:\/\/elluchador.info\/index.php?rest_route=\/wp\/v2\/posts"}],"about":[{"href":"https:\/\/elluchador.info\/index.php?rest_route=\/wp\/v2\/types\/post"}],"author":[{"embeddable":true,"href":"https:\/\/elluchador.info\/index.php?rest_route=\/wp\/v2\/users\/2"}],"replies":[{"embeddable":true,"href":"https:\/\/elluchador.info\/index.php?rest_route=%2Fwp%2Fv2%2Fcomments&post=164716"}],"version-history":[{"count":1,"href":"https:\/\/elluchador.info\/index.php?rest_route=\/wp\/v2\/posts\/164716\/revisions"}],"predecessor-version":[{"id":164734,"href":"https:\/\/elluchador.info\/index.php?rest_route=\/wp\/v2\/posts\/164716\/revisions\/164734"}],"wp:featuredmedia":[{"embeddable":true,"href":"https:\/\/elluchador.info\/index.php?rest_route=\/wp\/v2\/media\/164733"}],"wp:attachment":[{"href":"https:\/\/elluchador.info\/index.php?rest_route=%2Fwp%2Fv2%2Fmedia&parent=164716"}],"wp:term":[{"taxonomy":"category","embeddable":true,"href":"https:\/\/elluchador.info\/index.php?rest_route=%2Fwp%2Fv2%2Fcategories&post=164716"},{"taxonomy":"post_tag","embeddable":true,"href":"https:\/\/elluchador.info\/index.php?rest_route=%2Fwp%2Fv2%2Ftags&post=164716"}],"curies":[{"name":"wp","href":"https:\/\/api.w.org\/{rel}","templated":true}]}}