{"id":164810,"date":"2020-03-31T10:37:40","date_gmt":"2020-03-31T14:37:40","guid":{"rendered":"https:\/\/elluchador.info\/web\/?p=164810"},"modified":"2020-03-31T10:35:01","modified_gmt":"2020-03-31T14:35:01","slug":"frontera-con-brasil-extrema-medidas-ante-covid-19","status":"publish","type":"post","link":"https:\/\/elluchador.info\/?p=164810","title":{"rendered":"Frontera con Brasil extrema medidas ante Covid-19"},"content":{"rendered":"\n<p>Es\nnecesario extremar las medidas de prevenci\u00f3n en la zona fronteriza con Brasil,\npara evitar que ingrese al estado Bol\u00edvar agentes contaminados de coronavirus,\npara ello se amerita en la regi\u00f3n compromiso y trabajo por parte de los\norganismos competentes.&nbsp; <\/p>\n\n\n\n<p>En\neste sentido el gobernador de Bol\u00edvar, Justo Noguera, explic\u00f3 que la zona m\u00e1s\nconcurrida Santa Elena de Uair\u00e9n, cuenta con el plan preventivo ante amenaza\ndel virus y riesgo lim\u00edtrofe, \u201crecordemos que Brasil tiene altos \u00edndices de\ncontagiados, a Bol\u00edvar la mantendremos blindada, extremando las medidas de\nprotecci\u00f3n sanitaria para evitar la propagaci\u00f3n y erradicar el Covid-19.<\/p>\n\n\n\n<p>\u00abLo\nque buscamos es neutralizar cualquier presencia del virus en calles y espacios\np\u00fablicos de las principales ciudades que afecten al pueblo, por lo que pido por\nfavor, por amor a los suyos, qu\u00e9dense en sus casas\u00bb, insisti\u00f3 el\nmandatario, desde Gran Sabana.<\/p>\n\n\n\n<p>Detall\u00f3 adem\u00e1s, que en Caron\u00ed iniciaron el plan piloto de microaspersi\u00f3n con hipoclorito, en las principales calles, por ende orient\u00f3 a la poblaci\u00f3n que al realizarse el operativo por las v\u00edas, deben mantener sus casas cerradas, para evitar afecci\u00f3n por el qu\u00edmico utilizado, se extender\u00e1 en los pr\u00f3ximos d\u00edas en todo el estado.<\/p>\n\n\n\n<p> <strong>CNP 24375.<\/strong><\/p>\n","protected":false},"excerpt":{"rendered":"<p>Es necesario extremar las medidas de prevenci\u00f3n en la zona fronteriza con Brasil, para evitar que ingrese al estado Bol\u00edvar agentes contaminados de coronavirus, para ello se amerita en la regi\u00f3n compromiso y trabajo por parte de los organismos competentes.&nbsp; En este sentido el gobernador de Bol\u00edvar, Justo Noguera, explic\u00f3 que la zona m\u00e1s concurrida [&hellip;]<\/p>\n","protected":false},"author":2,"featured_media":164813,"comment_status":"closed","ping_status":"closed","sticky":false,"template":"","format":"standard","meta":{"footnotes":""},"categories":[5,12],"tags":[],"class_list":{"0":"post-164810","1":"post","2":"type-post","3":"status-publish","4":"format-standard","5":"has-post-thumbnail","7":"category-destacado","8":"category-regionales"},"_links":{"self":[{"href":"https:\/\/elluchador.info\/index.php?rest_route=\/wp\/v2\/posts\/164810","targetHints":{"allow":["GET"]}}],"collection":[{"href":"https:\/\/elluchador.info\/index.php?rest_route=\/wp\/v2\/posts"}],"about":[{"href":"https:\/\/elluchador.info\/index.php?rest_route=\/wp\/v2\/types\/post"}],"author":[{"embeddable":true,"href":"https:\/\/elluchador.info\/index.php?rest_route=\/wp\/v2\/users\/2"}],"replies":[{"embeddable":true,"href":"https:\/\/elluchador.info\/index.php?rest_route=%2Fwp%2Fv2%2Fcomments&post=164810"}],"version-history":[{"count":1,"href":"https:\/\/elluchador.info\/index.php?rest_route=\/wp\/v2\/posts\/164810\/revisions"}],"predecessor-version":[{"id":164814,"href":"https:\/\/elluchador.info\/index.php?rest_route=\/wp\/v2\/posts\/164810\/revisions\/164814"}],"wp:featuredmedia":[{"embeddable":true,"href":"https:\/\/elluchador.info\/index.php?rest_route=\/wp\/v2\/media\/164813"}],"wp:attachment":[{"href":"https:\/\/elluchador.info\/index.php?rest_route=%2Fwp%2Fv2%2Fmedia&parent=164810"}],"wp:term":[{"taxonomy":"category","embeddable":true,"href":"https:\/\/elluchador.info\/index.php?rest_route=%2Fwp%2Fv2%2Fcategories&post=164810"},{"taxonomy":"post_tag","embeddable":true,"href":"https:\/\/elluchador.info\/index.php?rest_route=%2Fwp%2Fv2%2Ftags&post=164810"}],"curies":[{"name":"wp","href":"https:\/\/api.w.org\/{rel}","templated":true}]}}