{"id":164832,"date":"2020-03-31T11:55:05","date_gmt":"2020-03-31T15:55:05","guid":{"rendered":"https:\/\/elluchador.info\/web\/?p=164832"},"modified":"2020-03-31T11:15:54","modified_gmt":"2020-03-31T15:15:54","slug":"saab-cito-a-guaido-para-que-comparezca-ante-el-ministerio-publico-por-investigacion-en-su-contra","status":"publish","type":"post","link":"https:\/\/elluchador.info\/?p=164832","title":{"rendered":"Saab cit\u00f3 a Guaid\u00f3 para que comparezca ante el Ministerio P\u00fablico por investigaci\u00f3n en su contra"},"content":{"rendered":"\n<p>Tarek William Saab, fiscal general del r\u00e9gimen, anunci\u00f3 este martes que el Ministerio P\u00fablico\u00a0emiti\u00f3 una citaci\u00f3n a Juan Guaid\u00f3,\u00a0para que comparezca ante esta instancia por una investigaci\u00f3n que se lleva a cabo en su contra.<\/p>\n\n\n\n<p>\u00abHemos emitido una citaci\u00f3n para que comparezca en este Ministerio P\u00fablico el pr\u00f3ximo jueves a las 9:00 am, uno de los principales responsables del nuevo intento de golpe de Estado y magnicidio, Juan Guaid\u00f3\u00bb, dijo en una rueda de prensa.<\/p>\n\n\n\n<p>El Ministerio P\u00fablico comenz\u00f3 una investigaci\u00f3n contra Guaid\u00f3 por estar presuntamente vinculado en un intento de golpe de Estado contra Nicol\u00e1s Maduro.<\/p>\n\n\n\n<p>El caso contra el presidente interino comenz\u00f3 luego de que el militar Cliver Alcal\u00e1, en manos de la justicia estadounidense, declar\u00f3 que Guaid\u00f3 lider\u00f3 la compra de armas valoradas en 500.000 d\u00f3lares, que ser\u00edan usadas para armar un ej\u00e9rcito contra Maduro.<\/p>\n\n\n\n<p>Saab asegur\u00f3 que la operaci\u00f3n se hac\u00eda bajo instrucciones de Guaid\u00f3, con el conocimiento del l\u00edder pol\u00edtico Leopoldo L\u00f3pez e Iv\u00e1n Simonovis, as\u00ed como con la colaboraci\u00f3n de asesores estadounidenses.<\/p>\n\n\n\n<p>Cliver Alcal\u00e1 se entreg\u00f3 a la justicia de Estados Unidos, luego de que ofrecieron una recompensa de 10 millones de d\u00f3lares por informaci\u00f3n sobre su paradero. Lo acusan de estar vinculado en una red de narcotr\u00e1fico que involucra a altos cargos  entre ellos Nicol\u00e1s Maduro y Diosdado Cabello.<\/p>\n\n\n\n<p>ElNacional.com<br><\/p>\n","protected":false},"excerpt":{"rendered":"<p>Tarek William Saab, fiscal general del r\u00e9gimen, anunci\u00f3 este martes que el Ministerio P\u00fablico\u00a0emiti\u00f3 una citaci\u00f3n a Juan Guaid\u00f3,\u00a0para que comparezca ante esta instancia por una investigaci\u00f3n que se lleva a cabo en su contra. \u00abHemos emitido una citaci\u00f3n para que comparezca en este Ministerio P\u00fablico el pr\u00f3ximo jueves a las 9:00 am, uno de [&hellip;]<\/p>\n","protected":false},"author":2,"featured_media":0,"comment_status":"closed","ping_status":"closed","sticky":false,"template":"","format":"standard","meta":{"footnotes":""},"categories":[5,9],"tags":[],"class_list":{"0":"post-164832","1":"post","2":"type-post","3":"status-publish","4":"format-standard","6":"category-destacado","7":"category-nacionales"},"_links":{"self":[{"href":"https:\/\/elluchador.info\/index.php?rest_route=\/wp\/v2\/posts\/164832","targetHints":{"allow":["GET"]}}],"collection":[{"href":"https:\/\/elluchador.info\/index.php?rest_route=\/wp\/v2\/posts"}],"about":[{"href":"https:\/\/elluchador.info\/index.php?rest_route=\/wp\/v2\/types\/post"}],"author":[{"embeddable":true,"href":"https:\/\/elluchador.info\/index.php?rest_route=\/wp\/v2\/users\/2"}],"replies":[{"embeddable":true,"href":"https:\/\/elluchador.info\/index.php?rest_route=%2Fwp%2Fv2%2Fcomments&post=164832"}],"version-history":[{"count":1,"href":"https:\/\/elluchador.info\/index.php?rest_route=\/wp\/v2\/posts\/164832\/revisions"}],"predecessor-version":[{"id":164853,"href":"https:\/\/elluchador.info\/index.php?rest_route=\/wp\/v2\/posts\/164832\/revisions\/164853"}],"wp:attachment":[{"href":"https:\/\/elluchador.info\/index.php?rest_route=%2Fwp%2Fv2%2Fmedia&parent=164832"}],"wp:term":[{"taxonomy":"category","embeddable":true,"href":"https:\/\/elluchador.info\/index.php?rest_route=%2Fwp%2Fv2%2Fcategories&post=164832"},{"taxonomy":"post_tag","embeddable":true,"href":"https:\/\/elluchador.info\/index.php?rest_route=%2Fwp%2Fv2%2Ftags&post=164832"}],"curies":[{"name":"wp","href":"https:\/\/api.w.org\/{rel}","templated":true}]}}