{"id":164868,"date":"2020-03-31T15:35:06","date_gmt":"2020-03-31T19:35:06","guid":{"rendered":"https:\/\/elluchador.info\/web\/?p=164868"},"modified":"2020-03-31T11:47:36","modified_gmt":"2020-03-31T15:47:36","slug":"oms-uso-de-mascarillas-puede-dar-un-falso-sentimiento-de-seguridad","status":"publish","type":"post","link":"https:\/\/elluchador.info\/?p=164868","title":{"rendered":"OMS: Uso de mascarillas puede dar un falso sentimiento de seguridad"},"content":{"rendered":"\n<p>El uso de mascarillas puede dar un falso sentimiento de seguridad a quienes las portan y distraerles de otras medidas de prevenci\u00f3n esenciales para evitar contraer el coronavirus, dijo este 31 de marzo el portavoz de la Organizaci\u00f3n Mundial de la Salud (OMS), Tarik Jasarevic.<\/p>\n\n\n\n<p><br><em>\u00abEl uso de mascarillas no se requiere para gente saludable. En cambio, las personas con s\u00edntomas debe usarlas para proteger a los dem\u00e1s y tambi\u00e9n los que cuidan a enfermos en casas y est\u00e1n m\u00e1s expuestos al virus\u00bb,\u00a0<\/em>explic\u00f3 el representante.<br><br>Conforme a la posici\u00f3n que sostiene la OMS desde el inicio de la pandemia, Jasarevic insisti\u00f3 en que las personas que usan mascarillas no est\u00e1n necesariamente protegidas.<br><br>\u00abEl uso de mascarillas en si no garantiza la protecci\u00f3n si no se combina con otras medidas. El problema es que la gente que las utiliza puede tener un falso sentimiento de seguridad y olvidar otros gestos esenciales como lavarse las manos\u00bb, agreg\u00f3.<br><br>Adem\u00e1s de ello, si las mascarillas no est\u00e1n bien colocadas sobre el rostro, el portador puede tener la tendencia a tocarse m\u00e1s frecuentemente la cara y se sabe que el coronavirus ingresa al organismo por las mucosas de los ojos, nariz y boca.<br><br>Para quienes las mascarillas s\u00ed son indispensables es para el personal sanitario que no puede cumplir su trabajo sin el material de protecci\u00f3n necesario, pero que en numerosos pa\u00edses est\u00e1 experimentando problemas de escasez debido a que la pandemia ha hecho que la demanda por estos insumos crezca de forma exponencial.<br><br>\u00abPor esta raz\u00f3n, la gente no debe hacer reservas de mascarillas en sus casas\u00bb, recalc\u00f3 el portavoz de la OMS.<br><br>La pandemia de coronavirus ha causado hasta el momento 693.224 contagiados y m\u00e1s de 33.000 fallecidos, seg\u00fan el recuento diario de la organizaci\u00f3n sanitaria.<br><br>Los pa\u00edses m\u00e1s afectados por orden de gravedad son Estados Unidos (145.000 casos), Italia (101.000), Espa\u00f1a, con m\u00e1s de 85.000 y China que permanece desde hace varios d\u00edas en torno a los 82.000.<br><br>Jasarevic dijo que actualmente varios laboratorios est\u00e1n desarrollado pruebas serol\u00f3gicas para detectar los anticuerpos del coronavirus en una persona y saber si \u00e9sta fue en alg\u00fan momento infectada.<br><br>Esos test tendr\u00e1n que ser validados por mecanismos cient\u00edficos independientes, pero una vez que puedan ser utilizados permitir\u00e1n definir mejor la tasa de letalidad del COVID-19.<\/p>\n\n\n\n<p>Panorama<\/p>\n","protected":false},"excerpt":{"rendered":"<p>El uso de mascarillas puede dar un falso sentimiento de seguridad a quienes las portan y distraerles de otras medidas de prevenci\u00f3n esenciales para evitar contraer el coronavirus, dijo este 31 de marzo el portavoz de la Organizaci\u00f3n Mundial de la Salud (OMS), Tarik Jasarevic. \u00abEl uso de mascarillas no se requiere para gente saludable. [&hellip;]<\/p>\n","protected":false},"author":2,"featured_media":164877,"comment_status":"closed","ping_status":"closed","sticky":false,"template":"","format":"standard","meta":{"footnotes":""},"categories":[5,19],"tags":[],"class_list":{"0":"post-164868","1":"post","2":"type-post","3":"status-publish","4":"format-standard","5":"has-post-thumbnail","7":"category-destacado","8":"category-salud"},"_links":{"self":[{"href":"https:\/\/elluchador.info\/index.php?rest_route=\/wp\/v2\/posts\/164868","targetHints":{"allow":["GET"]}}],"collection":[{"href":"https:\/\/elluchador.info\/index.php?rest_route=\/wp\/v2\/posts"}],"about":[{"href":"https:\/\/elluchador.info\/index.php?rest_route=\/wp\/v2\/types\/post"}],"author":[{"embeddable":true,"href":"https:\/\/elluchador.info\/index.php?rest_route=\/wp\/v2\/users\/2"}],"replies":[{"embeddable":true,"href":"https:\/\/elluchador.info\/index.php?rest_route=%2Fwp%2Fv2%2Fcomments&post=164868"}],"version-history":[{"count":1,"href":"https:\/\/elluchador.info\/index.php?rest_route=\/wp\/v2\/posts\/164868\/revisions"}],"predecessor-version":[{"id":164879,"href":"https:\/\/elluchador.info\/index.php?rest_route=\/wp\/v2\/posts\/164868\/revisions\/164879"}],"wp:featuredmedia":[{"embeddable":true,"href":"https:\/\/elluchador.info\/index.php?rest_route=\/wp\/v2\/media\/164877"}],"wp:attachment":[{"href":"https:\/\/elluchador.info\/index.php?rest_route=%2Fwp%2Fv2%2Fmedia&parent=164868"}],"wp:term":[{"taxonomy":"category","embeddable":true,"href":"https:\/\/elluchador.info\/index.php?rest_route=%2Fwp%2Fv2%2Fcategories&post=164868"},{"taxonomy":"post_tag","embeddable":true,"href":"https:\/\/elluchador.info\/index.php?rest_route=%2Fwp%2Fv2%2Ftags&post=164868"}],"curies":[{"name":"wp","href":"https:\/\/api.w.org\/{rel}","templated":true}]}}