{"id":164882,"date":"2020-03-31T12:19:35","date_gmt":"2020-03-31T16:19:35","guid":{"rendered":"https:\/\/elluchador.info\/web\/?p=164882"},"modified":"2020-03-31T12:13:11","modified_gmt":"2020-03-31T16:13:11","slug":"marcas-que-inspiran-celebro-mes-de-la-mujer-bolivarense","status":"publish","type":"post","link":"https:\/\/elluchador.info\/?p=164882","title":{"rendered":"Marcas que inspiran celebr\u00f3 mes de la mujer bolivarense"},"content":{"rendered":"\n<p>Este\nmes de marzo, <strong>El Luchador<\/strong> cont\u00f3 las\nhistorias de 4 mujeres que se unieron para contar sus historias en el evento\nMarcas que inspiran, realizado en el auditorio de la C\u00e1mara de Comercio el\npasado 14.<\/p>\n\n\n\n<p>A\nplaza llena como dicen, rompieron esquemas estas 4 damas, dejando atr\u00e1s&nbsp; miedo esc\u00e9nico, para la mayor\u00eda era su\nprimera vez en un escenario y dejando un buen sabor a todos los asistentes.<\/p>\n\n\n\n<p>&nbsp;So\u00f1ar, creer, atreverse, hacer, es la premisa\nde Walt Disney en la que fue inspirada esta conferencia, \u00abas\u00ed que cada una\ndio lo mejor de s\u00ed en su estilo y personalidad\u00bb, indic\u00f3 Isabel Cristina Contreras.\n<\/p>\n\n\n\n<p>\u00abPrimero\nque nada gracias a Dios que nos permiti\u00f3 hacer este proyecto realidad, sobre\ntodas las cosas ratificar que en la uni\u00f3n est\u00e1 la fuerza. Fuimos cuatro&nbsp;\nmujeres &nbsp; las que vivimos esta hermosa historia desde nuestra m\u00e1s profunda\nhumildad de vivir y contarles a nuestros seguidores lo que para nosotros fue\nvital para tener nuestras marcas\u00bb, expres\u00f3.&nbsp; <\/p>\n\n\n\n<p>Junto\na Contreras se presentaron Johanna Acevedo, Rosalin Moreno y Orladnis\nBattaglini quienes tambi\u00e9n agradecieron much\u00edsimo a&nbsp; cada una de las\npersonas que confiaron en este proyecto y las apoyaron desde el principio<\/p>\n\n\n\n<p>Se\nrefirieron con alta estima y consideraci\u00f3n&nbsp;\na Zenaida&nbsp; Castro @zencorcas por su incondicional apoyo como\ncoach&nbsp;&nbsp; y motivadora, especialista en PNL,&nbsp;&nbsp; \u00abgracias\npor su apoyo y ver&nbsp; que si pod\u00edamos, nos integramos&nbsp; como equipo\ny&nbsp; cada paso&nbsp;&nbsp; reforzamos&nbsp; los valores personales, los\nvalores familiares y valores sociales\u00bb.<\/p>\n\n\n\n<p>Indicaron\nque su mayor logro fue el amor y el respeto&nbsp; de cada una por la\nconferencia y por dar lo mejor de s\u00ed, sin opacarse,&nbsp; solo hacer un equipo completo y totalmente\nlleno de alegr\u00eda y gozo por contar sus historias. <\/p>\n\n\n\n<p>El\nconocido locutor bolivarense, director de la emisora R\u00edtmica 88.5 FM, Robins\u00f3n\nZambrano fue el presentador de la noche, pero tambi\u00e9n acompa\u00f1\u00f3 a estas\nemprendedoras, hecho que consideraron importante para fortalecer el equipo como\ncaballero para poder tener el yin y el yang&nbsp; en equilibrio<\/p>\n\n\n\n<p>Tambi\u00e9n,\neste grupo agradeci\u00f3 a la Fundaci\u00f3n Social y Cultural C\u00e1mara de Comercio\n\u00abpor estar ah\u00ed con nosotros&nbsp; y decir s\u00ed a nuestro proyecto\u00bb.<\/p>\n\n\n\n<p>As\u00ed\ntambi\u00e9n a cada uno de los \u00abpatrocinantes que nos colaboraron de distintas\nformas para poder hacer realidad este proyecto&nbsp;&nbsp; y tener muchos\ndetalles&nbsp; bien cuidados para un evento de calidad para nuestra Ciudad\nBol\u00edvar y su gente\u00bb, destacaron.<\/p>\n\n\n\n<p>M\u00e1s\nde 230 personas acudieron a ver a este cuarteto inspirador y a disfrutar de su\ntrabajo&nbsp; en equipo.&nbsp;&nbsp; <\/p>\n\n\n\n<p>Por\n\u00faltimo, Enir Band cerr\u00f3 el evento con su m\u00fasica, Ra\u00fal Rodr\u00edguez y Enimer dieron\nal auditorio un&nbsp; cierre de lujo lleno de\nm\u00fasica y alegr\u00eda.&nbsp; <\/p>\n\n\n\n<p>\u00abComo\nlo merece nuestra gente y as\u00ed le dijimos si a nuestro sue\u00f1o&nbsp; de ser\nconferencistas en formaci\u00f3n. Seguiremos caminando y haciendo crecer nuestras\nmarcas.<\/p>\n\n\n\n<p>&nbsp;Manifestaron su gratitud&nbsp; a todos los emprendedores que les enviaron\nsus trabajos para rifarlos y seguir sumando al \u00e9xito de este\nevento.&nbsp;&nbsp; <\/p>\n\n\n\n<p>La\ndecoraci\u00f3n del auditorio estuvo a cargo de @rosyeventsproduction quien\nhace&nbsp; magia con sus manos y&nbsp;\nllen\u00f3&nbsp; la tarima de detalles y muchos globos. <\/p>\n\n\n\n<p>Por\n\u00faltimo, agradecieron a las Emisoras Onda 103.5 FM, Capital 99.9 y R\u00edtmica 88.5\nFM, tambi\u00e9n&nbsp; a @makeup_byfabii y el\nestilismo de @grismarmakeup.hairs y las fotograf\u00edas de @saigfotografia.<\/p>\n\n\n\n<p>Aseguraron\nque marcas inspiradoras seguir\u00e1 unida y haciendo cosas por la ciudad al pasar\nesta situacion de emergencia les invitaremos a algo maravilloso. <\/p>\n\n\n\n<p>Los\nusuarios en instagram de estas emprendedoras son @isadulcecreativa. <\/p>\n\n\n\n<p>@rosyeventsproduction,\n@byjoannaacevedo, @congheladitos. Redaccion\/ CNP 12.355 <\/p>\n","protected":false},"excerpt":{"rendered":"<p>Este mes de marzo, El Luchador cont\u00f3 las historias de 4 mujeres que se unieron para contar sus historias en el evento Marcas que inspiran, realizado en el auditorio de la C\u00e1mara de Comercio el pasado 14. A plaza llena como dicen, rompieron esquemas estas 4 damas, dejando atr\u00e1s&nbsp; miedo esc\u00e9nico, para la mayor\u00eda era [&hellip;]<\/p>\n","protected":false},"author":2,"featured_media":164890,"comment_status":"closed","ping_status":"closed","sticky":false,"template":"","format":"standard","meta":{"footnotes":""},"categories":[12],"tags":[],"class_list":{"0":"post-164882","1":"post","2":"type-post","3":"status-publish","4":"format-standard","5":"has-post-thumbnail","7":"category-regionales"},"_links":{"self":[{"href":"https:\/\/elluchador.info\/index.php?rest_route=\/wp\/v2\/posts\/164882","targetHints":{"allow":["GET"]}}],"collection":[{"href":"https:\/\/elluchador.info\/index.php?rest_route=\/wp\/v2\/posts"}],"about":[{"href":"https:\/\/elluchador.info\/index.php?rest_route=\/wp\/v2\/types\/post"}],"author":[{"embeddable":true,"href":"https:\/\/elluchador.info\/index.php?rest_route=\/wp\/v2\/users\/2"}],"replies":[{"embeddable":true,"href":"https:\/\/elluchador.info\/index.php?rest_route=%2Fwp%2Fv2%2Fcomments&post=164882"}],"version-history":[{"count":1,"href":"https:\/\/elluchador.info\/index.php?rest_route=\/wp\/v2\/posts\/164882\/revisions"}],"predecessor-version":[{"id":164891,"href":"https:\/\/elluchador.info\/index.php?rest_route=\/wp\/v2\/posts\/164882\/revisions\/164891"}],"wp:featuredmedia":[{"embeddable":true,"href":"https:\/\/elluchador.info\/index.php?rest_route=\/wp\/v2\/media\/164890"}],"wp:attachment":[{"href":"https:\/\/elluchador.info\/index.php?rest_route=%2Fwp%2Fv2%2Fmedia&parent=164882"}],"wp:term":[{"taxonomy":"category","embeddable":true,"href":"https:\/\/elluchador.info\/index.php?rest_route=%2Fwp%2Fv2%2Fcategories&post=164882"},{"taxonomy":"post_tag","embeddable":true,"href":"https:\/\/elluchador.info\/index.php?rest_route=%2Fwp%2Fv2%2Ftags&post=164882"}],"curies":[{"name":"wp","href":"https:\/\/api.w.org\/{rel}","templated":true}]}}