{"id":164897,"date":"2020-03-31T12:47:44","date_gmt":"2020-03-31T16:47:44","guid":{"rendered":"https:\/\/elluchador.info\/web\/?p=164897"},"modified":"2020-03-31T12:54:01","modified_gmt":"2020-03-31T16:54:01","slug":"jefe-de-estado-exige-elevar-ferias-del-campo-soberano-durante-cuarentena-social","status":"publish","type":"post","link":"https:\/\/elluchador.info\/?p=164897","title":{"rendered":"Jefe de Estado exige elevar Ferias del Campo Soberano durante cuarentena social"},"content":{"rendered":"\n<p>El Jefe de Estado venezolano,<strong>&nbsp;Nicol\u00e1s Maduro,<\/strong>&nbsp;inst\u00f3 al ministro del Poder Popular para la Alimentaci\u00f3n, M\/G&nbsp;<strong>Carlos Leal Teller\u00eda,&nbsp;<\/strong>a presentar soluciones en&nbsp;24 horas para, a trav\u00e9s de la f\u00f3rmula de la&nbsp;<strong>Feria del Campo Soberano,<\/strong>&nbsp;garantizar el acceso de prote\u00edna en barrios y comunidades del pa\u00eds durante la cuarentena social colectiva.<\/p>\n\n\n\n<p>\u201cEn estos d\u00edas me met\u00ed por varios barrios y en todos iban llegando los camiones con los&nbsp;<strong>Comit\u00e9s Locales de Abastecimiento y Producci\u00f3n<\/strong>&nbsp;(CLAP) y ah\u00ed estaban los l\u00edderes de los Consejos Comunales, de los CLAP, casa por casa, con sus guantes, tapabocas entregando el alimento\u201d, reconoci\u00f3 el Mandatario Nacional.<\/p>\n\n\n\n<p>Le instruy\u00f3 a los Gobernadores y alcaldes del pa\u00eds garantizar&nbsp; el acceso de prote\u00ednas a trav\u00e9s de las Ferias del Campo Soberano. \u201cTenemos que inventar la f\u00f3rmula para llevar las Ferias del Campo Soberano a los barrios, a las comunidades\u201d, inst\u00f3.<\/p>\n\n\n\n<p>Precis\u00f3 que en el municipio Libertador de Caracas, la alcaldesa \u00c9rika Far\u00edas est\u00e1 ensayando un plan piloto de entregas a domicilios de CLAP.<\/p>\n\n\n\n<p>\n\nYvke Mundial\/ VTV\n\n<\/p>\n","protected":false},"excerpt":{"rendered":"<p>El Jefe de Estado venezolano,&nbsp;Nicol\u00e1s Maduro,&nbsp;inst\u00f3 al ministro del Poder Popular para la Alimentaci\u00f3n, M\/G&nbsp;Carlos Leal Teller\u00eda,&nbsp;a presentar soluciones en&nbsp;24 horas para, a trav\u00e9s de la f\u00f3rmula de la&nbsp;Feria del Campo Soberano,&nbsp;garantizar el acceso de prote\u00edna en barrios y comunidades del pa\u00eds durante la cuarentena social colectiva. \u201cEn estos d\u00edas me met\u00ed por varios barrios [&hellip;]<\/p>\n","protected":false},"author":2,"featured_media":164902,"comment_status":"closed","ping_status":"closed","sticky":false,"template":"","format":"standard","meta":{"footnotes":""},"categories":[5,9],"tags":[],"class_list":{"0":"post-164897","1":"post","2":"type-post","3":"status-publish","4":"format-standard","5":"has-post-thumbnail","7":"category-destacado","8":"category-nacionales"},"_links":{"self":[{"href":"https:\/\/elluchador.info\/index.php?rest_route=\/wp\/v2\/posts\/164897","targetHints":{"allow":["GET"]}}],"collection":[{"href":"https:\/\/elluchador.info\/index.php?rest_route=\/wp\/v2\/posts"}],"about":[{"href":"https:\/\/elluchador.info\/index.php?rest_route=\/wp\/v2\/types\/post"}],"author":[{"embeddable":true,"href":"https:\/\/elluchador.info\/index.php?rest_route=\/wp\/v2\/users\/2"}],"replies":[{"embeddable":true,"href":"https:\/\/elluchador.info\/index.php?rest_route=%2Fwp%2Fv2%2Fcomments&post=164897"}],"version-history":[{"count":1,"href":"https:\/\/elluchador.info\/index.php?rest_route=\/wp\/v2\/posts\/164897\/revisions"}],"predecessor-version":[{"id":164904,"href":"https:\/\/elluchador.info\/index.php?rest_route=\/wp\/v2\/posts\/164897\/revisions\/164904"}],"wp:featuredmedia":[{"embeddable":true,"href":"https:\/\/elluchador.info\/index.php?rest_route=\/wp\/v2\/media\/164902"}],"wp:attachment":[{"href":"https:\/\/elluchador.info\/index.php?rest_route=%2Fwp%2Fv2%2Fmedia&parent=164897"}],"wp:term":[{"taxonomy":"category","embeddable":true,"href":"https:\/\/elluchador.info\/index.php?rest_route=%2Fwp%2Fv2%2Fcategories&post=164897"},{"taxonomy":"post_tag","embeddable":true,"href":"https:\/\/elluchador.info\/index.php?rest_route=%2Fwp%2Fv2%2Ftags&post=164897"}],"curies":[{"name":"wp","href":"https:\/\/api.w.org\/{rel}","templated":true}]}}