{"id":164945,"date":"2020-04-01T09:25:27","date_gmt":"2020-04-01T13:25:27","guid":{"rendered":"https:\/\/elluchador.info\/web\/?p=164945"},"modified":"2020-04-01T09:21:26","modified_gmt":"2020-04-01T13:21:26","slug":"comision-presidencial-evalua-con-expertos-cubanos-medidas-para-prevenir-covid-19","status":"publish","type":"post","link":"https:\/\/elluchador.info\/?p=164945","title":{"rendered":"Comisi\u00f3n Presidencial eval\u00faa con expertos cubanos medidas para prevenir Covid-19"},"content":{"rendered":"\n<p>La Vicepresidenta Ejecutiva de la Rep\u00fablica Bolivariana de Venezuela, Delcy Rodr\u00edguez sostuvo encuentro de trabajo con la Comisi\u00f3n Presidencial y expertos cubanos a fin de evaluar medidas para la prevenci\u00f3n del Covid-19.<\/p>\n\n\n\n<p>La reuni\u00f3n se realiz\u00f3 en el Palacio de Miraflores, en Caracas, junto a autoridades gubernamentales y el representantes de la Fuerza Armada Nacional Bolivariana (FANB).<\/p>\n\n\n\n<p>Este lunes la Vicepresidenta confirm\u00f3 seis nuevos casos de contagio de Covid-19 para un total de 135 personas afectadas de los cuales 39 se han recuperado y tres han fallecido.<\/p>\n\n\n\n<p>De estos casos 15 se encuentran recluidos en centros m\u00e9dicos privados, 18 pacientes en hospitales Centinela, 21 en Centros de Diagn\u00f3stico Integral (CDI) y 47 personas permanecen en aislamiento domiciliario.<\/p>\n\n\n\n<p>Por otra parte el Presidente de la Rep\u00fablica Nicol\u00e1s Maduro indic\u00f3 que en las pr\u00f3ximas dos semanas de intensificar\u00e1n las medidas sanitarias y la cuarentena y despistaje con el fin de cortar con la cadena de transmisi\u00f3n.<\/p>\n\n\n\n<p>\n\nYvke Mundial\n\n<\/p>\n","protected":false},"excerpt":{"rendered":"<p>La Vicepresidenta Ejecutiva de la Rep\u00fablica Bolivariana de Venezuela, Delcy Rodr\u00edguez sostuvo encuentro de trabajo con la Comisi\u00f3n Presidencial y expertos cubanos a fin de evaluar medidas para la prevenci\u00f3n del Covid-19. La reuni\u00f3n se realiz\u00f3 en el Palacio de Miraflores, en Caracas, junto a autoridades gubernamentales y el representantes de la Fuerza Armada Nacional [&hellip;]<\/p>\n","protected":false},"author":2,"featured_media":164949,"comment_status":"closed","ping_status":"closed","sticky":false,"template":"","format":"standard","meta":{"footnotes":""},"categories":[5,9],"tags":[],"class_list":{"0":"post-164945","1":"post","2":"type-post","3":"status-publish","4":"format-standard","5":"has-post-thumbnail","7":"category-destacado","8":"category-nacionales"},"_links":{"self":[{"href":"https:\/\/elluchador.info\/index.php?rest_route=\/wp\/v2\/posts\/164945","targetHints":{"allow":["GET"]}}],"collection":[{"href":"https:\/\/elluchador.info\/index.php?rest_route=\/wp\/v2\/posts"}],"about":[{"href":"https:\/\/elluchador.info\/index.php?rest_route=\/wp\/v2\/types\/post"}],"author":[{"embeddable":true,"href":"https:\/\/elluchador.info\/index.php?rest_route=\/wp\/v2\/users\/2"}],"replies":[{"embeddable":true,"href":"https:\/\/elluchador.info\/index.php?rest_route=%2Fwp%2Fv2%2Fcomments&post=164945"}],"version-history":[{"count":1,"href":"https:\/\/elluchador.info\/index.php?rest_route=\/wp\/v2\/posts\/164945\/revisions"}],"predecessor-version":[{"id":164950,"href":"https:\/\/elluchador.info\/index.php?rest_route=\/wp\/v2\/posts\/164945\/revisions\/164950"}],"wp:featuredmedia":[{"embeddable":true,"href":"https:\/\/elluchador.info\/index.php?rest_route=\/wp\/v2\/media\/164949"}],"wp:attachment":[{"href":"https:\/\/elluchador.info\/index.php?rest_route=%2Fwp%2Fv2%2Fmedia&parent=164945"}],"wp:term":[{"taxonomy":"category","embeddable":true,"href":"https:\/\/elluchador.info\/index.php?rest_route=%2Fwp%2Fv2%2Fcategories&post=164945"},{"taxonomy":"post_tag","embeddable":true,"href":"https:\/\/elluchador.info\/index.php?rest_route=%2Fwp%2Fv2%2Ftags&post=164945"}],"curies":[{"name":"wp","href":"https:\/\/api.w.org\/{rel}","templated":true}]}}