{"id":165057,"date":"2020-04-02T10:02:39","date_gmt":"2020-04-02T14:02:39","guid":{"rendered":"https:\/\/elluchador.info\/web\/?p=165057"},"modified":"2020-04-02T09:51:30","modified_gmt":"2020-04-02T13:51:30","slug":"alcalde-carlos-rafael-vidal-presento-memoria-y-cuenta-2019-2","status":"publish","type":"post","link":"https:\/\/elluchador.info\/?p=165057","title":{"rendered":"Alcalde Carlos Rafael Vidal present\u00f3 Memoria y Cuenta 2019"},"content":{"rendered":"\n<p>De acuerdo a la Ley Org\u00e1nica del\nPoder P\u00fablico Municipal en su Art.88 y en estricto cumplimiento de las normas\nsanitarias contempladas en el estado de alarma y cuarentena Nacional por el\nCovid-19, el alcalde del municipio Independencia del estado Anzo\u00e1tegui, Carlos\nRafael Vidal entreg\u00f3 los libros contentivos de la Memoria y Cuenta\ncorrespondientes a su gesti\u00f3n 2019.<\/p>\n\n\n\n<p>El acto tuvo lugar en la Sala de\nConferencias de la alcald\u00eda,&nbsp; con la\npresencia de la abogada Mar\u00eda Otaiza contralora Municipal y los concejales del\nmunicipio, a diferencia de a\u00f1os anteriores cuando el pueblo de Soledad pudo\nacompa\u00f1ar a su alcalde en tan importante evento, no obstante Vidal precis\u00f3 que\nlas normativas de salud ante la contingencia proh\u00edben la aglomeraci\u00f3n de\npersonas, en consecuencia&nbsp; lo m\u00e1s prudente\nes presentar la Memoria y Cuenta cumpliendo con estrictas medidas de seguridad\nsanitarias como el uso de mascarillas y guantes.<\/p>\n\n\n\n<p>Destac\u00f3 que las \u00e1reas de gesti\u00f3n donde se destin\u00f3 mayor inversi\u00f3n y reivindicaci\u00f3n por parte del gobierno municipal son: Social con aportes y ayudas sociales a personas y familias vulnerables. Salud: a trav\u00e9s de la dotaci\u00f3n de insumos, medicamentos, equipos m\u00e9dicos, a los centros del municipio incluyendo el ambulatorio Juan de Dios Holmquist, jornadas y abordajes de salud. En el \u00e1rea de electricidad con la colocaci\u00f3n de luminarias para mejorar el alumbrado p\u00fablico, reparaci\u00f3n y mantenimiento de l\u00edneas, red el\u00e9ctrica y conexiones domiciliarias, as\u00ed como en la subestaci\u00f3n Soledad.<strong> <\/strong><\/p>\n\n\n\n<p><strong>Prensa Alcald\u00eda de Independencia\/RCM<\/strong><\/p>\n","protected":false},"excerpt":{"rendered":"<p>De acuerdo a la Ley Org\u00e1nica del Poder P\u00fablico Municipal en su Art.88 y en estricto cumplimiento de las normas sanitarias contempladas en el estado de alarma y cuarentena Nacional por el Covid-19, el alcalde del municipio Independencia del estado Anzo\u00e1tegui, Carlos Rafael Vidal entreg\u00f3 los libros contentivos de la Memoria y Cuenta correspondientes a [&hellip;]<\/p>\n","protected":false},"author":2,"featured_media":165058,"comment_status":"closed","ping_status":"closed","sticky":false,"template":"","format":"standard","meta":{"footnotes":""},"categories":[12],"tags":[],"class_list":{"0":"post-165057","1":"post","2":"type-post","3":"status-publish","4":"format-standard","5":"has-post-thumbnail","7":"category-regionales"},"_links":{"self":[{"href":"https:\/\/elluchador.info\/index.php?rest_route=\/wp\/v2\/posts\/165057","targetHints":{"allow":["GET"]}}],"collection":[{"href":"https:\/\/elluchador.info\/index.php?rest_route=\/wp\/v2\/posts"}],"about":[{"href":"https:\/\/elluchador.info\/index.php?rest_route=\/wp\/v2\/types\/post"}],"author":[{"embeddable":true,"href":"https:\/\/elluchador.info\/index.php?rest_route=\/wp\/v2\/users\/2"}],"replies":[{"embeddable":true,"href":"https:\/\/elluchador.info\/index.php?rest_route=%2Fwp%2Fv2%2Fcomments&post=165057"}],"version-history":[{"count":1,"href":"https:\/\/elluchador.info\/index.php?rest_route=\/wp\/v2\/posts\/165057\/revisions"}],"predecessor-version":[{"id":165059,"href":"https:\/\/elluchador.info\/index.php?rest_route=\/wp\/v2\/posts\/165057\/revisions\/165059"}],"wp:featuredmedia":[{"embeddable":true,"href":"https:\/\/elluchador.info\/index.php?rest_route=\/wp\/v2\/media\/165058"}],"wp:attachment":[{"href":"https:\/\/elluchador.info\/index.php?rest_route=%2Fwp%2Fv2%2Fmedia&parent=165057"}],"wp:term":[{"taxonomy":"category","embeddable":true,"href":"https:\/\/elluchador.info\/index.php?rest_route=%2Fwp%2Fv2%2Fcategories&post=165057"},{"taxonomy":"post_tag","embeddable":true,"href":"https:\/\/elluchador.info\/index.php?rest_route=%2Fwp%2Fv2%2Ftags&post=165057"}],"curies":[{"name":"wp","href":"https:\/\/api.w.org\/{rel}","templated":true}]}}