{"id":165147,"date":"2020-04-03T09:59:34","date_gmt":"2020-04-03T13:59:34","guid":{"rendered":"https:\/\/elluchador.info\/web\/?p=165147"},"modified":"2020-04-03T09:48:35","modified_gmt":"2020-04-03T13:48:35","slug":"gestion-sergio-hernandez-realizo-jornada-integral-en-antigua-cruz-roja-de-los-proceres","status":"publish","type":"post","link":"https:\/\/elluchador.info\/?p=165147","title":{"rendered":"Gesti\u00f3n Sergio Hern\u00e1ndez realiz\u00f3 jornada integral en antigua Cruz Roja de Los Pr\u00f3ceres"},"content":{"rendered":"\n<p>A\ntrav\u00e9s de la gesti\u00f3n del alcalde Sergio Hern\u00e1ndez se realiz\u00f3 una jornada\nintegral en la antigua Cruz Rojas de Los Pr\u00f3ceres de la parroquia Agua Salada,\ncomo parte de las acciones en materia preventiva a favor de todos los\nciudadanos.<\/p>\n\n\n\n<p>En\neste sentido, el director de Servicios Generales Municipales, Eleazar Torres,\ncoment\u00f3 que se despleg\u00f3 una cuadrilla de trabajadores debidamente protegidos\npara ejecutar las acciones de desmalezamiento, barrido y recolecci\u00f3n de\ndesechos s\u00f3lidos.<\/p>\n\n\n\n<p>\u201cLa\nPatria m\u00e1s que nunca nos necesita y as\u00ed lo hemos demostrado en cada accionar,\nhoy cuando nos amenaza una pandemia, las pol\u00edticas locales apuestan al cuidado\nde las personas, por lo que los equipos se encuentran desplegados cumpliendo\ncon sus funciones, aqu\u00ed est\u00e1 el sentido de pertenencia y justicia social\u201d,\na\u00f1adi\u00f3 Torres.<\/p>\n\n\n\n<p><strong>Jornada de desinfecci\u00f3n<\/strong><\/p>\n\n\n\n<p>Asimismo\nlos equipos de prevenci\u00f3n y seguridad tambi\u00e9n ejecutaron los trabajos de\ndesinfecci\u00f3n en el \u00e1rea, quienes vertieron la soluci\u00f3n de hipoclorito de sodio,\ndesinfectante y jab\u00f3n para limpiar la zona.<\/p>\n\n\n\n<p>El comandante de los Bomberos Municipales, Ildemaro Navarro manifest\u00f3 que esta acci\u00f3n se ha llevado a cabo en todos los centros de salud, as\u00ed como \u00e1reas de mayor concurrencia de personas, con el objetivo de continuar con los protocolos de mantenimiento y prevenci\u00f3n.<\/p>\n\n\n\n<p> <strong>Prensa Alcald\u00eda AO<\/strong><\/p>\n","protected":false},"excerpt":{"rendered":"<p>A trav\u00e9s de la gesti\u00f3n del alcalde Sergio Hern\u00e1ndez se realiz\u00f3 una jornada integral en la antigua Cruz Rojas de Los Pr\u00f3ceres de la parroquia Agua Salada, como parte de las acciones en materia preventiva a favor de todos los ciudadanos. En este sentido, el director de Servicios Generales Municipales, Eleazar Torres, coment\u00f3 que se [&hellip;]<\/p>\n","protected":false},"author":2,"featured_media":165148,"comment_status":"closed","ping_status":"closed","sticky":false,"template":"","format":"standard","meta":{"footnotes":""},"categories":[20],"tags":[],"class_list":{"0":"post-165147","1":"post","2":"type-post","3":"status-publish","4":"format-standard","5":"has-post-thumbnail","7":"category-municipal"},"_links":{"self":[{"href":"https:\/\/elluchador.info\/index.php?rest_route=\/wp\/v2\/posts\/165147","targetHints":{"allow":["GET"]}}],"collection":[{"href":"https:\/\/elluchador.info\/index.php?rest_route=\/wp\/v2\/posts"}],"about":[{"href":"https:\/\/elluchador.info\/index.php?rest_route=\/wp\/v2\/types\/post"}],"author":[{"embeddable":true,"href":"https:\/\/elluchador.info\/index.php?rest_route=\/wp\/v2\/users\/2"}],"replies":[{"embeddable":true,"href":"https:\/\/elluchador.info\/index.php?rest_route=%2Fwp%2Fv2%2Fcomments&post=165147"}],"version-history":[{"count":1,"href":"https:\/\/elluchador.info\/index.php?rest_route=\/wp\/v2\/posts\/165147\/revisions"}],"predecessor-version":[{"id":165150,"href":"https:\/\/elluchador.info\/index.php?rest_route=\/wp\/v2\/posts\/165147\/revisions\/165150"}],"wp:featuredmedia":[{"embeddable":true,"href":"https:\/\/elluchador.info\/index.php?rest_route=\/wp\/v2\/media\/165148"}],"wp:attachment":[{"href":"https:\/\/elluchador.info\/index.php?rest_route=%2Fwp%2Fv2%2Fmedia&parent=165147"}],"wp:term":[{"taxonomy":"category","embeddable":true,"href":"https:\/\/elluchador.info\/index.php?rest_route=%2Fwp%2Fv2%2Fcategories&post=165147"},{"taxonomy":"post_tag","embeddable":true,"href":"https:\/\/elluchador.info\/index.php?rest_route=%2Fwp%2Fv2%2Ftags&post=165147"}],"curies":[{"name":"wp","href":"https:\/\/api.w.org\/{rel}","templated":true}]}}