{"id":165383,"date":"2020-04-06T07:30:05","date_gmt":"2020-04-06T11:30:05","guid":{"rendered":"https:\/\/elluchador.info\/web\/?p=165383"},"modified":"2020-04-05T16:50:25","modified_gmt":"2020-04-05T20:50:25","slug":"coronavirus-podria-provocar-la-mayor-caida-de-emisiones-de-carbono-desde-la-segunda-guerra-mundial","status":"publish","type":"post","link":"https:\/\/elluchador.info\/?p=165383","title":{"rendered":"Coronavirus podr\u00eda provocar la mayor ca\u00edda de emisiones de carbono desde la Segunda Guerra Mundial"},"content":{"rendered":"\n<p>Un equipo de cient\u00edficos\nasegura que este a\u00f1o se podr\u00eda registrar la mayor ca\u00edda de emisiones de di\u00f3xido\nde carbono desde la Segunda Guerra Mundial debido a la pandemia de coronavirus\ny la paralizaci\u00f3n de las econom\u00edas a nivel mundial.<\/p>\n\n\n\n<p>\u00abEs probable que ni la\nca\u00edda de la Uni\u00f3n Sovi\u00e9tica ni las diversas crisis de petr\u00f3leo o de ahorro y\ncr\u00e9dito de los \u00faltimos 50 a\u00f1os hayan afectado a las emisiones de la misma\nmanera que esta crisis\u00bb, dijo a Reuters el presidente del Proyecto Global\nde Carbono, Rob Jackson, cuya organizaci\u00f3n cuantifica las emisiones globales\nanuales de gases de efecto invernadero y sus causas.<\/p>\n\n\n\n<p>La instituci\u00f3n calcula que\nla producci\u00f3n de carbono puede disminuir en m\u00e1s de un 5 % interanual. Esta\ncifra ser\u00eda la primera ca\u00edda desde la reducci\u00f3n del 1,4 % que se registr\u00f3\ndespu\u00e9s de la gran recesi\u00f3n de 2008.<\/p>\n\n\n\n<p>\u00abNo me sorprender\u00eda ver una ca\u00edda del 5 % o m\u00e1s en las emisiones de di\u00f3xido de carbono este a\u00f1o, algo que no se ha visto desde el final de la Segunda Guerra Mundial\u00bb, agreg\u00f3 Jackson. El c\u00e1lculo forma parte de una serie de impactos positivos en el medio ambiente que han dejado las restricciones de movilidad que rigen a nivel mundial. <\/p>\n\n\n\n<p><strong>RT<\/strong><\/p>\n","protected":false},"excerpt":{"rendered":"<p>Un equipo de cient\u00edficos asegura que este a\u00f1o se podr\u00eda registrar la mayor ca\u00edda de emisiones de di\u00f3xido de carbono desde la Segunda Guerra Mundial debido a la pandemia de coronavirus y la paralizaci\u00f3n de las econom\u00edas a nivel mundial. \u00abEs probable que ni la ca\u00edda de la Uni\u00f3n Sovi\u00e9tica ni las diversas crisis de [&hellip;]<\/p>\n","protected":false},"author":2,"featured_media":165384,"comment_status":"closed","ping_status":"closed","sticky":false,"template":"","format":"standard","meta":{"footnotes":""},"categories":[8],"tags":[],"class_list":{"0":"post-165383","1":"post","2":"type-post","3":"status-publish","4":"format-standard","5":"has-post-thumbnail","7":"category-internacionales"},"_links":{"self":[{"href":"https:\/\/elluchador.info\/index.php?rest_route=\/wp\/v2\/posts\/165383","targetHints":{"allow":["GET"]}}],"collection":[{"href":"https:\/\/elluchador.info\/index.php?rest_route=\/wp\/v2\/posts"}],"about":[{"href":"https:\/\/elluchador.info\/index.php?rest_route=\/wp\/v2\/types\/post"}],"author":[{"embeddable":true,"href":"https:\/\/elluchador.info\/index.php?rest_route=\/wp\/v2\/users\/2"}],"replies":[{"embeddable":true,"href":"https:\/\/elluchador.info\/index.php?rest_route=%2Fwp%2Fv2%2Fcomments&post=165383"}],"version-history":[{"count":1,"href":"https:\/\/elluchador.info\/index.php?rest_route=\/wp\/v2\/posts\/165383\/revisions"}],"predecessor-version":[{"id":165385,"href":"https:\/\/elluchador.info\/index.php?rest_route=\/wp\/v2\/posts\/165383\/revisions\/165385"}],"wp:featuredmedia":[{"embeddable":true,"href":"https:\/\/elluchador.info\/index.php?rest_route=\/wp\/v2\/media\/165384"}],"wp:attachment":[{"href":"https:\/\/elluchador.info\/index.php?rest_route=%2Fwp%2Fv2%2Fmedia&parent=165383"}],"wp:term":[{"taxonomy":"category","embeddable":true,"href":"https:\/\/elluchador.info\/index.php?rest_route=%2Fwp%2Fv2%2Fcategories&post=165383"},{"taxonomy":"post_tag","embeddable":true,"href":"https:\/\/elluchador.info\/index.php?rest_route=%2Fwp%2Fv2%2Ftags&post=165383"}],"curies":[{"name":"wp","href":"https:\/\/api.w.org\/{rel}","templated":true}]}}