{"id":165386,"date":"2020-04-05T20:00:19","date_gmt":"2020-04-06T00:00:19","guid":{"rendered":"https:\/\/elluchador.info\/web\/?p=165386"},"modified":"2020-04-05T17:38:54","modified_gmt":"2020-04-05T21:38:54","slug":"la-pandemia-acelera-y-eeuu-se-prepara-para-un-nuevo-pearl-harbor","status":"publish","type":"post","link":"https:\/\/elluchador.info\/?p=165386","title":{"rendered":"La pandemia acelera y EEUU se prepara para un nuevo Pearl Harbor"},"content":{"rendered":"\n<p>El COVID-19 prosigue su aceleraci\u00f3n elevando el n\u00famero de contagios y  muertes en todo el mundo pese a la estabilizaci\u00f3n de grandes focos como  los de Italia o Espa\u00f1a.<\/p>\n\n\n\n<p>\nLa situaci\u00f3n preocupa especialmente en EEUU, donde ya hay 312.000 \ncontagios. Tanto, que el director general de salud p\u00fablica, Jerome \nAdams, ha avanzado que su pa\u00eds vivir\u00e1 esta semana un momento \u00abcomo el de\n Pearl Harbor o el del 11-S\u00bb, ante el elevado n\u00famero de muertes que se \nespera. <\/p>\n\n\n\n<p>\nSeg\u00fan los datos difundidos hoy por la Organizaci\u00f3n Mundial de la Salud, \nhoy se han confirmado 82.000 nuevos casos en todo el mundo, lo que eleva\n el global a 1.133.758, mientras que los fallecidos son 62.884, 5.799 \nm\u00e1s que en la jornada anterior.<\/p>\n\n\n\n<p>\nAunque tambi\u00e9n crecen los pacientes recuperados &#8211; 253.000, seg\u00fan las \ndiferentes autoridades nacionales- y ya hay otro pa\u00eds que ha comenzado \nla salida del estado de excepci\u00f3n: Ir\u00e1n.<\/p>\n\n\n\n<p><strong>  UN 11-S <\/strong><\/p>\n\n\n\n<p>\n\u00abEsta va a ser la semana m\u00e1s dura y triste de las vidas de la mayor\u00eda de\n los estadounidenses, francamente\u00bb, dijo Adams durante una entrevista \ncon la cadena de televisi\u00f3n Fox News.<\/p>\n\n\n\n<p>\n\u00abEste va a ser nuestro momento (similar al) de Pearl Harbor, al del \n11-S, solo que no va a estar concentrado en un mismo sitio. Va a ocurrir\n por todo el pa\u00eds\u00bb, agreg\u00f3.<\/p>\n\n\n\n<p>\nM\u00e1s de 2.400 estadounidenses murieron en el ataque japon\u00e9s por sorpresa a\n la base militar de Pearl Harbor (Haw\u00e1i) en 1941, mientras que otras \n2.996 perdieron la vida en los atentados terroristas del 11 de \nseptiembre de 2001 (11-S) en las Torres Gemelas de Nueva York, el \nPent\u00e1gono y el siniestro de un avi\u00f3n en Pensilvania.<\/p>\n\n\n\n<p>\nLos fallecimientos por el nuevo coronavirus en Estados Unidos ya han \nsuperado ambas cifras, con m\u00e1s de 8.500 hasta este domingo, pero la \naceleraci\u00f3n de los contagios y muertes en los \u00faltimos d\u00edas han generado \npron\u00f3sticos todav\u00eda m\u00e1s sombr\u00edos para la semana entrante.<\/p>\n\n\n\n<p><strong> ITALIA Y ESPA\u00d1A DESACELERAN<\/strong><\/p>\n\n\n\n<p>\nEn los otros dos grandes focos de contagio, Italia y Espa\u00f1a, la \nsituaci\u00f3n, a\u00fan dentro de la gravedad, parece ir tomando otro cariz.<\/p>\n\n\n\n<p>\nCon 15.887, Italia contin\u00faa siendo el pa\u00eds con m\u00e1s fallecidos por \ncoronavirus, pero la cifra de nuevas muertes de hoy, 525, es la m\u00e1s baja\n que se registra desde el 19 marzo, lo parece confirmar una tendencia a \nla baja.<\/p>\n\n\n\n<p>\nEn Espa\u00f1a, se contabilizaron 674 fallecidos en las \u00faltimas 24 horas y \n6.023 nuevos contagiados, cifras que tambi\u00e9n muestran una ca\u00edda en \ncomparaci\u00f3n con jornadas anteriores.<\/p>\n\n\n\n<p>\nDespu\u00e9s de anunciar el s\u00e1bado una ampliaci\u00f3n de las medidas adoptadas al\n inicio de la pandemia, incluido el confinamiento de la pobalci\u00f3n hasta \nel 26 de abril, el Gobierno espa\u00f1ol se prepara ahora para una segunda \netapa de \u00abdesescalada\u00bb o transici\u00f3n, una vez alcanzado el pico de \ncontagios.<\/p>\n\n\n\n<p><strong> FONDO DE RESCATE EUROPEO<\/strong><\/p>\n\n\n\n<p>\nPrecisamente, es en Italia y Espa\u00f1a donde m\u00e1s pendientes est\u00e1n de las \nacciones de la Uni\u00f3n Europea para evitar un descalabro de sus econom\u00edas.<\/p>\n\n\n\n<p>\nEl Eurogrupo trabaja en un paquete de medidas que pasa por usar las \nl\u00edneas de cr\u00e9dito del Mecanismo Europeo de Estabalidad (MEDE) -el fondo \nde rescate-, movilizar hasta 200.000 millones del Banco Europeo de \nInversiones (BEI) y activar un fondo de ayudas contra el paro.<\/p>\n\n\n\n<p>\nLos ministros de Econom\u00eda y Finanzas de la Uni\u00f3n Europea se re\u00fanen por \nvideoconferencia el 7 de abril con el objetivo de pactar un nuevo \nconjunto de acciones.<\/p>\n\n\n\n<p>\nEn las reuniones para preparar el encuentro mantenidas esta semana, los \npa\u00edses han debatido adem\u00e1s la propuesta francesa de crear un fondo \ntemporal para financiar la recuperaci\u00f3n, as\u00ed como la iniciativa \nholandesa de un fondo de entre 10.000 y 20.000 millones para costear  \ngasto sanitario en los pa\u00edses m\u00e1s afectados.<\/p>\n\n\n\n<p>\nEl fondo estar\u00eda disponible tres a\u00f1os y se nutrir\u00eda de las \ncontribuciones voluntarias de los Estados miembros, seg\u00fan el borrador de\n la propuesta al que tuvo acceso Efe.<\/p>\n\n\n\n<p><strong> IR\u00c1N COMIENZA A VER LA LUZ<\/strong><\/p>\n\n\n\n<p>\nY mientras la mayor\u00eda del mundo atraviesa o espera la fase m\u00e1s dura, algunos, como Ir\u00e1n, comienzan a vislumbrar una salida. <\/p>\n\n\n\n<p>\nEl que fuera uno de los mayores focos iniciales de contagio tras China, \nreanudar\u00e1 parte de su actividad econ\u00f3mica en pocos d\u00edas, tras constatar \nun descenso en el n\u00famero de contagios por quinto d\u00eda consecutivo.<\/p>\n\n\n\n<p>\nSeg\u00fan anunci\u00f3 el presidente de este pa\u00eds, Hasan Rohan\u00ed, \u00ablas actividades\n econ\u00f3micas de bajo riesgo\u00bb se retomar\u00e1n el 11 de abril en las \nprovincias, mientras que en Teher\u00e1n lo har\u00e1n el 30 de abril, aunque no \nprecis\u00f3 de cu\u00e1les se trataba.<\/p>\n\n\n\n<p>\nLas clases presenciales seguir\u00e1n suspendidas al menos hasta el d\u00eda 18, \ncuando es posible que se reanuden en las universidades, mientras que \nsobre los lugares sagrados como mausoleos se decidir\u00e1 tambi\u00e9n a partir \nde esa fecha.<\/p>\n\n\n\n<p> La reapertura va a ser \u00abgradual\u00bb, seg\u00fan Rohan\u00ed, quien se\u00f1al\u00f3 por ejemplo  que en las oficinas solo acudir\u00e1n a trabajar dos tercios de los  empleados a la vez y que el horario general ser\u00e1 de 7.00 a 14.00 horas.<\/p>\n\n\n\n<p><strong>EFE<\/strong><\/p>\n","protected":false},"excerpt":{"rendered":"<p>El COVID-19 prosigue su aceleraci\u00f3n elevando el n\u00famero de contagios y muertes en todo el mundo pese a la estabilizaci\u00f3n de grandes focos como los de Italia o Espa\u00f1a. La situaci\u00f3n preocupa especialmente en EEUU, donde ya hay 312.000 contagios. Tanto, que el director general de salud p\u00fablica, Jerome Adams, ha avanzado que su pa\u00eds [&hellip;]<\/p>\n","protected":false},"author":2,"featured_media":165387,"comment_status":"closed","ping_status":"closed","sticky":false,"template":"","format":"standard","meta":{"footnotes":""},"categories":[8],"tags":[],"class_list":{"0":"post-165386","1":"post","2":"type-post","3":"status-publish","4":"format-standard","5":"has-post-thumbnail","7":"category-internacionales"},"_links":{"self":[{"href":"https:\/\/elluchador.info\/index.php?rest_route=\/wp\/v2\/posts\/165386","targetHints":{"allow":["GET"]}}],"collection":[{"href":"https:\/\/elluchador.info\/index.php?rest_route=\/wp\/v2\/posts"}],"about":[{"href":"https:\/\/elluchador.info\/index.php?rest_route=\/wp\/v2\/types\/post"}],"author":[{"embeddable":true,"href":"https:\/\/elluchador.info\/index.php?rest_route=\/wp\/v2\/users\/2"}],"replies":[{"embeddable":true,"href":"https:\/\/elluchador.info\/index.php?rest_route=%2Fwp%2Fv2%2Fcomments&post=165386"}],"version-history":[{"count":1,"href":"https:\/\/elluchador.info\/index.php?rest_route=\/wp\/v2\/posts\/165386\/revisions"}],"predecessor-version":[{"id":165388,"href":"https:\/\/elluchador.info\/index.php?rest_route=\/wp\/v2\/posts\/165386\/revisions\/165388"}],"wp:featuredmedia":[{"embeddable":true,"href":"https:\/\/elluchador.info\/index.php?rest_route=\/wp\/v2\/media\/165387"}],"wp:attachment":[{"href":"https:\/\/elluchador.info\/index.php?rest_route=%2Fwp%2Fv2%2Fmedia&parent=165386"}],"wp:term":[{"taxonomy":"category","embeddable":true,"href":"https:\/\/elluchador.info\/index.php?rest_route=%2Fwp%2Fv2%2Fcategories&post=165386"},{"taxonomy":"post_tag","embeddable":true,"href":"https:\/\/elluchador.info\/index.php?rest_route=%2Fwp%2Fv2%2Ftags&post=165386"}],"curies":[{"name":"wp","href":"https:\/\/api.w.org\/{rel}","templated":true}]}}