{"id":165496,"date":"2020-04-07T16:04:48","date_gmt":"2020-04-07T20:04:48","guid":{"rendered":"https:\/\/elluchador.info\/web\/?p=165496"},"modified":"2020-04-07T10:11:54","modified_gmt":"2020-04-07T14:11:54","slug":"olaf-de-frozen-protagonizara-una-serie-de-cortos-hechos-en-casa","status":"publish","type":"post","link":"https:\/\/elluchador.info\/?p=165496","title":{"rendered":"Olaf de \u00abFrozen\u00bb protagonizar\u00e1 una serie de cortos hechos en casa"},"content":{"rendered":"\n<p>Olaf, el entra\u00f1able mu\u00f1eco de nieve que acompa\u00f1a a Elsa y Ana en las aventuras de \u00abFrozen\u00bb, ser\u00e1 el protagonista de una serie de cortos que Disney lanzar\u00e1 para amenizar la cuarentena de los hogares por la crisis del coronavirus.<\/p>\n\n\n\n<p>El actor Josh Gad, que da vida a Olaf en las pel\u00edculas de \u00abFrozen\u00bb volvi\u00f3 a prestar su voz al personaje, grab\u00e1ndose desde su casa.<\/p>\n\n\n\n<p>\u00abEstoy grabando los di\u00e1logos para \u2018At Home With Olaf\u2019 de Disney, dirigido por Hyrum Osmond y todos los genios que trabajan desde casa para dar vida a los cortos. \u00a1Gente, ahora tambi\u00e9n soy ingeniero de sonido!\u00bb, brome\u00f3 Gad.<\/p>\n\n\n\n<p>El primer avance de los cortometrajes fue publicado en YouTube y muestra a un Olaf jugando a lanzar bolas de nieve hasta que se da cuenta de que entre ellas hay otro peque\u00f1o mu\u00f1eco, conocido como Snowgie.<\/p>\n\n\n\n<p>Los videos, que llevar\u00e1n el t\u00edtulo \u00abAt Home With Olaf\u00bb (en casa con Olaf), fueron creados por los empleados del estudio de animaci\u00f3n desde sus casas bajo la direcci\u00f3n de Hyrum Osmond, inform\u00f3 en Twitter la factor\u00eda de Mickey Mouse.<\/p>\n\n\n\n<p>Se trata del primer proyecto elaborado durante el confinamiento que estrena Disney, pues los estudios de Hollywood paralizaron todos los rodajes, con los dibujos animados como \u00fanica excepci\u00f3n.<\/p>\n\n\n\n<p>EFE<\/p>\n","protected":false},"excerpt":{"rendered":"<p>Olaf, el entra\u00f1able mu\u00f1eco de nieve que acompa\u00f1a a Elsa y Ana en las aventuras de \u00abFrozen\u00bb, ser\u00e1 el protagonista de una serie de cortos que Disney lanzar\u00e1 para amenizar la cuarentena de los hogares por la crisis del coronavirus. El actor Josh Gad, que da vida a Olaf en las pel\u00edculas de \u00abFrozen\u00bb volvi\u00f3 [&hellip;]<\/p>\n","protected":false},"author":2,"featured_media":165503,"comment_status":"closed","ping_status":"closed","sticky":false,"template":"","format":"standard","meta":{"footnotes":""},"categories":[7],"tags":[],"class_list":{"0":"post-165496","1":"post","2":"type-post","3":"status-publish","4":"format-standard","5":"has-post-thumbnail","7":"category-entretenimiento"},"_links":{"self":[{"href":"https:\/\/elluchador.info\/index.php?rest_route=\/wp\/v2\/posts\/165496","targetHints":{"allow":["GET"]}}],"collection":[{"href":"https:\/\/elluchador.info\/index.php?rest_route=\/wp\/v2\/posts"}],"about":[{"href":"https:\/\/elluchador.info\/index.php?rest_route=\/wp\/v2\/types\/post"}],"author":[{"embeddable":true,"href":"https:\/\/elluchador.info\/index.php?rest_route=\/wp\/v2\/users\/2"}],"replies":[{"embeddable":true,"href":"https:\/\/elluchador.info\/index.php?rest_route=%2Fwp%2Fv2%2Fcomments&post=165496"}],"version-history":[{"count":1,"href":"https:\/\/elluchador.info\/index.php?rest_route=\/wp\/v2\/posts\/165496\/revisions"}],"predecessor-version":[{"id":165509,"href":"https:\/\/elluchador.info\/index.php?rest_route=\/wp\/v2\/posts\/165496\/revisions\/165509"}],"wp:featuredmedia":[{"embeddable":true,"href":"https:\/\/elluchador.info\/index.php?rest_route=\/wp\/v2\/media\/165503"}],"wp:attachment":[{"href":"https:\/\/elluchador.info\/index.php?rest_route=%2Fwp%2Fv2%2Fmedia&parent=165496"}],"wp:term":[{"taxonomy":"category","embeddable":true,"href":"https:\/\/elluchador.info\/index.php?rest_route=%2Fwp%2Fv2%2Fcategories&post=165496"},{"taxonomy":"post_tag","embeddable":true,"href":"https:\/\/elluchador.info\/index.php?rest_route=%2Fwp%2Fv2%2Ftags&post=165496"}],"curies":[{"name":"wp","href":"https:\/\/api.w.org\/{rel}","templated":true}]}}