{"id":165523,"date":"2020-04-07T19:20:14","date_gmt":"2020-04-07T23:20:14","guid":{"rendered":"https:\/\/elluchador.info\/web\/?p=165523"},"modified":"2020-04-07T10:24:03","modified_gmt":"2020-04-07T14:24:03","slug":"cepeda-y-fonseca-se-juntan-en-una-cancion-contra-el-covid-19","status":"publish","type":"post","link":"https:\/\/elluchador.info\/?p=165523","title":{"rendered":"Cepeda y Fonseca se juntan en una canci\u00f3n contra el Covid-19"},"content":{"rendered":"\n<p>&nbsp;Los cantantes Andr\u00e9s Cepeda y Fonseca lanzaron este lunes<em>&nbsp;Te entrego mi coraz\u00f3n<\/em>, una canci\u00f3n in\u00e9dita que grabaron en las \u00faltimas semanas, para invitar a Colombia a unirse al combate del coronavirus y recolectar donaciones para apoyar a la cl\u00ednicas de Bogot\u00e1.<\/p>\n\n\n\n<p>Cepeda, ganador de dos Grammy Latino a Mejor \u00e1lbum Pop Tradicional en 2013 y a Mejor \u00e1lbum Tropical Tradicional en 2019, manifest\u00f3&nbsp;que tuvo junto a Fonseca \u00abuna oportunidad muy bonita de poner esta canci\u00f3n y la m\u00fasica al servicio de algo que nos urge a todos\u00bb.<\/p>\n\n\n\n<p>Fonseca, por su parte, afirm\u00f3 que con la canci\u00f3n se busca rendir un homenaje al pa\u00eds y recaudar fondos para el personal m\u00e9dico de la Fundaci\u00f3n Cardioinfantil (FCI) y ayudar a conseguir equipos e insumos para atender a la mayor cantidad posible de pacientes.<\/p>\n\n\n\n<p>En el video de\u00a0<em>Te entrego mi coraz\u00f3n<\/em>\u00a0aparecen paisajes de diferentes lugares de Colombia e im\u00e1genes de los artistas que fueron grabadas desde sus casas por la cuarentena que hay en el pa\u00eds desde el pasado 25 de marzo y que se extender\u00e1 hasta el 13 de abril.<\/p>\n\n\n\n<figure class=\"wp-block-embed-youtube wp-block-embed is-type-video is-provider-youtube wp-embed-aspect-16-9 wp-has-aspect-ratio\"><div class=\"wp-block-embed__wrapper\">\n<iframe loading=\"lazy\" title=\"Fonseca, Andr\u00e9s Cepeda - Te Entrego Mi Coraz\u00f3n (Video Oficial)\" width=\"696\" height=\"392\" src=\"https:\/\/www.youtube.com\/embed\/pctGD2y04TM?feature=oembed&#038;enablejsapi=1\" frameborder=\"0\" allow=\"accelerometer; autoplay; clipboard-write; encrypted-media; gyroscope; picture-in-picture; web-share\" referrerpolicy=\"strict-origin-when-cross-origin\" allowfullscreen><\/iframe>\n<\/div><\/figure>\n\n\n\n<blockquote class=\"wp-block-quote is-layout-flow wp-block-quote-is-layout-flow\"><p>\u00abCreo que el mundo nos est\u00e1 hablando (\u2026) Todas esas im\u00e1genes de lugares desolados, pareciera como que nos dice: \u2018voy a guardarlos un rato para limpiarme\u2019 \u00ab, destac\u00f3 Fonseca.<\/p><\/blockquote>\n\n\n\n<p>EFE<\/p>\n","protected":false},"excerpt":{"rendered":"<p>&nbsp;Los cantantes Andr\u00e9s Cepeda y Fonseca lanzaron este lunes&nbsp;Te entrego mi coraz\u00f3n, una canci\u00f3n in\u00e9dita que grabaron en las \u00faltimas semanas, para invitar a Colombia a unirse al combate del coronavirus y recolectar donaciones para apoyar a la cl\u00ednicas de Bogot\u00e1. Cepeda, ganador de dos Grammy Latino a Mejor \u00e1lbum Pop Tradicional en 2013 y [&hellip;]<\/p>\n","protected":false},"author":2,"featured_media":165526,"comment_status":"closed","ping_status":"closed","sticky":false,"template":"","format":"standard","meta":{"footnotes":""},"categories":[7],"tags":[],"class_list":{"0":"post-165523","1":"post","2":"type-post","3":"status-publish","4":"format-standard","5":"has-post-thumbnail","7":"category-entretenimiento"},"_links":{"self":[{"href":"https:\/\/elluchador.info\/index.php?rest_route=\/wp\/v2\/posts\/165523","targetHints":{"allow":["GET"]}}],"collection":[{"href":"https:\/\/elluchador.info\/index.php?rest_route=\/wp\/v2\/posts"}],"about":[{"href":"https:\/\/elluchador.info\/index.php?rest_route=\/wp\/v2\/types\/post"}],"author":[{"embeddable":true,"href":"https:\/\/elluchador.info\/index.php?rest_route=\/wp\/v2\/users\/2"}],"replies":[{"embeddable":true,"href":"https:\/\/elluchador.info\/index.php?rest_route=%2Fwp%2Fv2%2Fcomments&post=165523"}],"version-history":[{"count":1,"href":"https:\/\/elluchador.info\/index.php?rest_route=\/wp\/v2\/posts\/165523\/revisions"}],"predecessor-version":[{"id":165527,"href":"https:\/\/elluchador.info\/index.php?rest_route=\/wp\/v2\/posts\/165523\/revisions\/165527"}],"wp:featuredmedia":[{"embeddable":true,"href":"https:\/\/elluchador.info\/index.php?rest_route=\/wp\/v2\/media\/165526"}],"wp:attachment":[{"href":"https:\/\/elluchador.info\/index.php?rest_route=%2Fwp%2Fv2%2Fmedia&parent=165523"}],"wp:term":[{"taxonomy":"category","embeddable":true,"href":"https:\/\/elluchador.info\/index.php?rest_route=%2Fwp%2Fv2%2Fcategories&post=165523"},{"taxonomy":"post_tag","embeddable":true,"href":"https:\/\/elluchador.info\/index.php?rest_route=%2Fwp%2Fv2%2Ftags&post=165523"}],"curies":[{"name":"wp","href":"https:\/\/api.w.org\/{rel}","templated":true}]}}