{"id":165563,"date":"2020-04-08T09:15:35","date_gmt":"2020-04-08T13:15:35","guid":{"rendered":"https:\/\/elluchador.info\/web\/?p=165563"},"modified":"2020-04-08T09:00:38","modified_gmt":"2020-04-08T13:00:38","slug":"invitan-a-bolivarenses-a-reafirmar-su-fe-realizando-actividades-religiosas-desde-sus-casas","status":"publish","type":"post","link":"https:\/\/elluchador.info\/?p=165563","title":{"rendered":"Invitan a bolivarenses a reafirmar su fe realizando actividades religiosas desde sus casas"},"content":{"rendered":"\n<p>Dada la cuarentena preventiva\ncomo medida para evitar la propagaci\u00f3n del Covid-19, esta Semana Santa ha sido\ndistinta en todo el planeta, pues, las acostumbradas congregaciones de\nfeligreses propias de la \u00e9poca quedaron suspendidas.<\/p>\n\n\n\n<p>A prop\u00f3sito de esto, en Ciudad\nBol\u00edvar el padre Pedro Molina, de la iglesia del sector El Per\u00fa, hizo un\nllamado de reflexi\u00f3n y exhort\u00f3 a toda la ciudadan\u00eda a mantener, ahora m\u00e1s que\nnunca, viva la fe y sus tradiciones en la Semana Mayor pero desde sus hogares.<\/p>\n\n\n\n<p>Molina invit\u00f3&nbsp; para este mi\u00e9rcoles cuando se celebra el D\u00eda\ndel Nazareno, \u00aba todos los devotos a realizar sus altares en un lugar\nprivilegiado de sus hogares para dar gracias por los favores recibidos y\nreafirmar nuestra fe\u00bb.<\/p>\n\n\n\n<p>Para el resto de la semana, el\np\u00e1rroco recalc\u00f3 lo importante de compartir en familia, de clamar al Alt\u00edsimo\npara que cese lo m\u00e1s pronto posible esta pandemia y todos retornen a sus\nactividades cotidianas, y mantenerse unidos y en sana convivencia.<\/p>\n\n\n\n<p>&nbsp;Por \u00faltimo, record\u00f3 que el d\u00eda jueves ser\u00e1 dedicado&nbsp; a la \u00faltima cena del se\u00f1or, el viernes es a la cruz y el s\u00e1bado, al fuego y al agua. <\/p>\n\n\n\n<p><strong>Redacci\u00f3n\/GB<\/strong><\/p>\n","protected":false},"excerpt":{"rendered":"<p>Dada la cuarentena preventiva como medida para evitar la propagaci\u00f3n del Covid-19, esta Semana Santa ha sido distinta en todo el planeta, pues, las acostumbradas congregaciones de feligreses propias de la \u00e9poca quedaron suspendidas. A prop\u00f3sito de esto, en Ciudad Bol\u00edvar el padre Pedro Molina, de la iglesia del sector El Per\u00fa, hizo un llamado [&hellip;]<\/p>\n","protected":false},"author":2,"featured_media":165564,"comment_status":"closed","ping_status":"closed","sticky":false,"template":"","format":"standard","meta":{"footnotes":""},"categories":[2],"tags":[],"class_list":{"0":"post-165563","1":"post","2":"type-post","3":"status-publish","4":"format-standard","5":"has-post-thumbnail","7":"category-comunidad"},"_links":{"self":[{"href":"https:\/\/elluchador.info\/index.php?rest_route=\/wp\/v2\/posts\/165563","targetHints":{"allow":["GET"]}}],"collection":[{"href":"https:\/\/elluchador.info\/index.php?rest_route=\/wp\/v2\/posts"}],"about":[{"href":"https:\/\/elluchador.info\/index.php?rest_route=\/wp\/v2\/types\/post"}],"author":[{"embeddable":true,"href":"https:\/\/elluchador.info\/index.php?rest_route=\/wp\/v2\/users\/2"}],"replies":[{"embeddable":true,"href":"https:\/\/elluchador.info\/index.php?rest_route=%2Fwp%2Fv2%2Fcomments&post=165563"}],"version-history":[{"count":1,"href":"https:\/\/elluchador.info\/index.php?rest_route=\/wp\/v2\/posts\/165563\/revisions"}],"predecessor-version":[{"id":165565,"href":"https:\/\/elluchador.info\/index.php?rest_route=\/wp\/v2\/posts\/165563\/revisions\/165565"}],"wp:featuredmedia":[{"embeddable":true,"href":"https:\/\/elluchador.info\/index.php?rest_route=\/wp\/v2\/media\/165564"}],"wp:attachment":[{"href":"https:\/\/elluchador.info\/index.php?rest_route=%2Fwp%2Fv2%2Fmedia&parent=165563"}],"wp:term":[{"taxonomy":"category","embeddable":true,"href":"https:\/\/elluchador.info\/index.php?rest_route=%2Fwp%2Fv2%2Fcategories&post=165563"},{"taxonomy":"post_tag","embeddable":true,"href":"https:\/\/elluchador.info\/index.php?rest_route=%2Fwp%2Fv2%2Ftags&post=165563"}],"curies":[{"name":"wp","href":"https:\/\/api.w.org\/{rel}","templated":true}]}}