{"id":165648,"date":"2020-04-09T19:09:16","date_gmt":"2020-04-09T23:09:16","guid":{"rendered":"https:\/\/elluchador.info\/web\/?p=165648"},"modified":"2020-04-09T11:34:29","modified_gmt":"2020-04-09T15:34:29","slug":"coronavirus-cuantas-veces-me-puedo-poner-la-misma-mascarilla","status":"publish","type":"post","link":"https:\/\/elluchador.info\/?p=165648","title":{"rendered":"Coronavirus: \u00bfCu\u00e1ntas veces me puedo poner la misma mascarilla?"},"content":{"rendered":"\n<p>El uso o no de las mascarillas frente al coronavirus por\nparte de poblaci\u00f3n sana es el debate de nunca acabar. Pero si nos atenemos a\nlos criterios oficiales publicados tanto por la OMS como por el Ministerio de\nSanidad, solo deber\u00edan utilizarlas los profesionales sanitarios, las personas\ninfectadas por Covid-19 y todas aquellas que est\u00e9n en contacto estrecho con una\npersona enferma.<\/p>\n\n\n\n<p>En opini\u00f3n de la OMS, el uso de mascarillas para la\npoblaci\u00f3n general, puede crear una \u00abfalsa sensaci\u00f3n de seguridad\u00bb y evitar la\npr\u00e1ctica de las medidas que han demostrado ser m\u00e1s efectivas como el lavado de\nmanos y el distanciamiento f\u00edsico.<\/p>\n\n\n\n<p>El organismo de Naciones Unidas tambi\u00e9n ha alertado de\nque las mascarillas realizadas con algod\u00f3n pueden ser una fuente potencial de\ninfecci\u00f3n ya que no son resistentes a los fluidos y, por tanto, pueden retener\nla humedad y contaminarse.<\/p>\n\n\n\n<p><strong>\u00bfQu\u00e9\ntipos de mascarilla hay?<\/strong><\/p>\n\n\n\n<p>-Quir\u00fargicas: Est\u00e1n dise\u00f1adas para que el que la lleva no\ndisperse sus virus hacia el exterior.<\/p>\n\n\n\n<p>-Autofiltrantes: Al contrario que las anteriores act\u00faan\ncomo filtro del aire procedente del exterior hacia dentro y contienen entre sus\ntejidos una capa filtrante de micropart\u00edculas, gracias a la cual pueden\nproteger en distintos grados (FPP1, FPP2, FPP3). Protegen al que la lleva\nfrente a la inhalaci\u00f3n de pat\u00f3genos.<\/p>\n\n\n\n<p><strong>\u00bfC\u00f3mo\ns\u00e9 que la he colocado bien?<\/strong><\/p>\n\n\n\n<p>-Antes de colocarla, l\u00e1vate las manos con un desinfectante\na base de alcohol o con agua y jab\u00f3n.<\/p>\n\n\n\n<p>-C\u00fabrete la boca y la nariz con la mascarilla y aseg\u00farate\nde que no haya espacios entre tu cara y la m\u00e1scara. Para comprobar el ajuste,\nel Consejo General de Enfermer\u00eda recomienda aconseja cubrir la mascarilla en su\ntotalidad con las manos, espirar el aire suavemente y, si este escapa alrededor\nde la cara, recolocarla y efectuar una nueva prueba. Si no hay fugas se\nconsidera que est\u00e1 bien ajustada.<\/p>\n\n\n\n<p>-Las personas con pelo largo deben recogerse previamente\nel pelo y las personas con barba tienen que extremar la precauci\u00f3n, pues es\ndif\u00edcil el sellado de la mascarilla.<\/p>\n\n\n\n<p><strong>\u00bfQu\u00e9\npasa si toco la mascarilla con las manos mientras la llevo puesta?<\/strong><\/p>\n\n\n\n<p>Podr\u00edas contaminar tus manos y aumentar el riesgo de\ncontagiarte su luego te las llevas a la cara. Para minimizar los riesgos, si la\ntocas, l\u00e1vate siempre las manos con un desinfectante a base de alcohol o con\nagua y jab\u00f3n.<\/p>\n\n\n\n<p><strong>\u00bfC\u00f3mo\nme la quito sin riesgos?<\/strong><\/p>\n\n\n\n<p>Qu\u00edtatela por detr\u00e1s (no toques la parte delantera de la\nmascarilla); des\u00e9chala inmediatamente en un recipiente cerrado; y l\u00e1vate las\nmanos con un desinfectante a base de alcohol o con agua y jab\u00f3n.<\/p>\n\n\n\n<p><strong>\u00bfCu\u00e1ndo\ndebo cambiarme la mascarilla? \u00bfPuedo reutilizarla?<\/strong><\/p>\n\n\n\n<p>Tanto la OMS como el Ministerio recomiendan cambiarla tan\npronto como est\u00e9 h\u00fameda y recuerdan que no se pueden reutilizar: SON DE UN SOLO\nUSO.<\/p>\n\n\n\n<p>El principal peligro de un uso prolongado y de su\nreutilizaci\u00f3n es la transmisi\u00f3n del virus por contacto.<\/p>\n\n\n\n<p>No se pueden lavar ni desinfectar sin comprometer su\neficacia. Las quir\u00fargicas si se lavan pierden su capacidad de filtro, y en las\nautofiltrantes no se ha encontrado todav\u00eda un m\u00e9todo de desinfecci\u00f3n seguro. Un\ninforme reciente de 3M advierte de que para que el m\u00e9todo fuera v\u00e1lido deber\u00eda\nser eficaz contra el organismo objetivo, como el virus que causa COVID-19; no\nda\u00f1ar la filtraci\u00f3n del respirador; no afectar al ajuste del respirador; y que\nsea seguro para la persona que lo usa. \u00abNing\u00fan m\u00e9todo de desinfecci\u00f3n ha\ncumplido con estos cuatro criterios clave, y sin los cuatro, el m\u00e9todo es\ninaceptable\u00bb, aseguran. <\/p>\n\n\n\n<p><strong>ABCSalud<\/strong><\/p>\n","protected":false},"excerpt":{"rendered":"<p>El uso o no de las mascarillas frente al coronavirus por parte de poblaci\u00f3n sana es el debate de nunca acabar. Pero si nos atenemos a los criterios oficiales publicados tanto por la OMS como por el Ministerio de Sanidad, solo deber\u00edan utilizarlas los profesionales sanitarios, las personas infectadas por Covid-19 y todas aquellas que [&hellip;]<\/p>\n","protected":false},"author":2,"featured_media":165649,"comment_status":"closed","ping_status":"closed","sticky":false,"template":"","format":"standard","meta":{"footnotes":""},"categories":[19],"tags":[],"class_list":{"0":"post-165648","1":"post","2":"type-post","3":"status-publish","4":"format-standard","5":"has-post-thumbnail","7":"category-salud"},"_links":{"self":[{"href":"https:\/\/elluchador.info\/index.php?rest_route=\/wp\/v2\/posts\/165648","targetHints":{"allow":["GET"]}}],"collection":[{"href":"https:\/\/elluchador.info\/index.php?rest_route=\/wp\/v2\/posts"}],"about":[{"href":"https:\/\/elluchador.info\/index.php?rest_route=\/wp\/v2\/types\/post"}],"author":[{"embeddable":true,"href":"https:\/\/elluchador.info\/index.php?rest_route=\/wp\/v2\/users\/2"}],"replies":[{"embeddable":true,"href":"https:\/\/elluchador.info\/index.php?rest_route=%2Fwp%2Fv2%2Fcomments&post=165648"}],"version-history":[{"count":1,"href":"https:\/\/elluchador.info\/index.php?rest_route=\/wp\/v2\/posts\/165648\/revisions"}],"predecessor-version":[{"id":165650,"href":"https:\/\/elluchador.info\/index.php?rest_route=\/wp\/v2\/posts\/165648\/revisions\/165650"}],"wp:featuredmedia":[{"embeddable":true,"href":"https:\/\/elluchador.info\/index.php?rest_route=\/wp\/v2\/media\/165649"}],"wp:attachment":[{"href":"https:\/\/elluchador.info\/index.php?rest_route=%2Fwp%2Fv2%2Fmedia&parent=165648"}],"wp:term":[{"taxonomy":"category","embeddable":true,"href":"https:\/\/elluchador.info\/index.php?rest_route=%2Fwp%2Fv2%2Fcategories&post=165648"},{"taxonomy":"post_tag","embeddable":true,"href":"https:\/\/elluchador.info\/index.php?rest_route=%2Fwp%2Fv2%2Ftags&post=165648"}],"curies":[{"name":"wp","href":"https:\/\/api.w.org\/{rel}","templated":true}]}}