{"id":174180,"date":"2020-08-21T11:12:21","date_gmt":"2020-08-21T15:12:21","guid":{"rendered":"https:\/\/elluchador.info\/web\/?p=174180"},"modified":"2020-08-21T11:12:38","modified_gmt":"2020-08-21T15:12:38","slug":"farinez-fue-presentado-como-nuevo-portero-del-lens","status":"publish","type":"post","link":"https:\/\/elluchador.info\/?p=174180","title":{"rendered":"Far\u00ed\u00f1ez fue presentado como nuevo portero del Lens"},"content":{"rendered":"\n<p>El venezolano Wilker Far\u00ed\u00f1ez fue presentado este viernes 21 de agosto como el nuevo&nbsp;guardameta del club franc\u00e9s de primera divisi\u00f3n Racing Club Lens.<\/p>\n\n\n\n<p>El joven vinotinto -titular bajo los palos de la selecci\u00f3n nacional- lleg\u00f3 en junio al equipo franc\u00e9s procedente del Millonarios FC de Colombia.<\/p>\n\n\n\n<p>Fue el equipo franc\u00e9s el que public\u00f3 en su cuenta en twitter las fotos del criollo y de otras incorporaciones del onceno.<\/p>\n\n\n\n<figure class=\"wp-block-embed-twitter wp-block-embed is-type-rich is-provider-twitter\"><div class=\"wp-block-embed__wrapper\">\n<blockquote class=\"twitter-tweet\" data-width=\"550\" data-dnt=\"true\"><p lang=\"fr\" dir=\"ltr\"><a href=\"https:\/\/twitter.com\/hashtag\/%F0%9D%99%8B%F0%9D%99%9D%F0%9D%99%A4%F0%9D%99%A9%F0%9D%99%A4%F0%9D%99%A8?src=hash&amp;ref_src=twsrc%5Etfw\">#\ud835\ude4b\ud835\ude5d\ud835\ude64\ud835\ude69\ud835\ude64\ud835\ude68<\/a> \ud83d\udcf8<br><br>Franck <a href=\"https:\/\/twitter.com\/hashtag\/Haise?src=hash&amp;ref_src=twsrc%5Etfw\">#Haise<\/a> a pr\u00e9sent\u00e9 <a href=\"https:\/\/twitter.com\/Wuilker_Farinez?ref_src=twsrc%5Etfw\">@Wuilker_Farinez<\/a>, Issiaga <a href=\"https:\/\/twitter.com\/hashtag\/Sylla?src=hash&amp;ref_src=twsrc%5Etfw\">#Sylla<\/a> et <a href=\"https:\/\/twitter.com\/Sekofofana?ref_src=twsrc%5Etfw\">@SekoFofana<\/a> \u00e0 la presse.<a href=\"https:\/\/twitter.com\/hashtag\/Guid%C3%A9sParNotreFiert%C3%A9?src=hash&amp;ref_src=twsrc%5Etfw\">#Guid\u00e9sParNotreFiert\u00e9<\/a> <a href=\"https:\/\/twitter.com\/hashtag\/rclens?src=hash&amp;ref_src=twsrc%5Etfw\">#rclens<\/a> <a href=\"https:\/\/t.co\/E5s8jp74G2\">pic.twitter.com\/E5s8jp74G2<\/a><\/p>&mdash; Racing Club de Lens (@RCLens) <a href=\"https:\/\/twitter.com\/RCLens\/status\/1296791768286007296?ref_src=twsrc%5Etfw\">August 21, 2020<\/a><\/blockquote><script async src=\"https:\/\/platform.twitter.com\/widgets.js\" charset=\"utf-8\"><\/script>\n<\/div><\/figure>\n\n\n\n<p>El portero de la Vinotinto super\u00f3 el coronavirus e incuso ya entren\u00f3 con su nuevo equipo en suelo belga,&nbsp;donde los aurirrojos realizan&nbsp;la pretemporada bajo la direcci\u00f3n t\u00e9cnica de&nbsp;Franck Haise.<\/p>\n\n\n\n<p>Como parte de esta preparaci\u00f3n, el Lens disputar\u00e1 el s\u00e1bado 22-A un amistoso con el Genk local. Todo indica que all\u00ed&nbsp; Fari\u00f1ez ser\u00e1 el titular en el arco aurirrojo, destac\u00f3 el portal Cr\u00f3nica Uno.<\/p>\n","protected":false},"excerpt":{"rendered":"<p>El venezolano Wilker Far\u00ed\u00f1ez fue presentado este viernes 21 de agosto como el nuevo&nbsp;guardameta del club franc\u00e9s de primera divisi\u00f3n Racing Club Lens. El joven vinotinto -titular bajo los palos de la selecci\u00f3n nacional- lleg\u00f3 en junio al equipo franc\u00e9s procedente del Millonarios FC de Colombia. Fue el equipo franc\u00e9s el que public\u00f3 en su [&hellip;]<\/p>\n","protected":false},"author":19,"featured_media":174184,"comment_status":"closed","ping_status":"closed","sticky":false,"template":"","format":"standard","meta":{"footnotes":""},"categories":[4],"tags":[],"class_list":{"0":"post-174180","1":"post","2":"type-post","3":"status-publish","4":"format-standard","5":"has-post-thumbnail","7":"category-deportes"},"_links":{"self":[{"href":"https:\/\/elluchador.info\/index.php?rest_route=\/wp\/v2\/posts\/174180","targetHints":{"allow":["GET"]}}],"collection":[{"href":"https:\/\/elluchador.info\/index.php?rest_route=\/wp\/v2\/posts"}],"about":[{"href":"https:\/\/elluchador.info\/index.php?rest_route=\/wp\/v2\/types\/post"}],"author":[{"embeddable":true,"href":"https:\/\/elluchador.info\/index.php?rest_route=\/wp\/v2\/users\/19"}],"replies":[{"embeddable":true,"href":"https:\/\/elluchador.info\/index.php?rest_route=%2Fwp%2Fv2%2Fcomments&post=174180"}],"version-history":[{"count":1,"href":"https:\/\/elluchador.info\/index.php?rest_route=\/wp\/v2\/posts\/174180\/revisions"}],"predecessor-version":[{"id":174189,"href":"https:\/\/elluchador.info\/index.php?rest_route=\/wp\/v2\/posts\/174180\/revisions\/174189"}],"wp:featuredmedia":[{"embeddable":true,"href":"https:\/\/elluchador.info\/index.php?rest_route=\/wp\/v2\/media\/174184"}],"wp:attachment":[{"href":"https:\/\/elluchador.info\/index.php?rest_route=%2Fwp%2Fv2%2Fmedia&parent=174180"}],"wp:term":[{"taxonomy":"category","embeddable":true,"href":"https:\/\/elluchador.info\/index.php?rest_route=%2Fwp%2Fv2%2Fcategories&post=174180"},{"taxonomy":"post_tag","embeddable":true,"href":"https:\/\/elluchador.info\/index.php?rest_route=%2Fwp%2Fv2%2Ftags&post=174180"}],"curies":[{"name":"wp","href":"https:\/\/api.w.org\/{rel}","templated":true}]}}