{"id":174243,"date":"2020-08-22T10:00:36","date_gmt":"2020-08-22T14:00:36","guid":{"rendered":"https:\/\/elluchador.info\/web\/?p=174243"},"modified":"2020-08-22T10:00:44","modified_gmt":"2020-08-22T14:00:44","slug":"tsj-extiende-suspension-de-despachos-en-los-juzgados","status":"publish","type":"post","link":"https:\/\/elluchador.info\/?p=174243","title":{"rendered":"TSJ extiende suspensi\u00f3n de despachos en los juzgados"},"content":{"rendered":"\n<p>CARACAS.-El Tribunal Supremo de Justicia (TSJ)&nbsp;<strong>extendi\u00f3 por 30 d\u00edas la suspensi\u00f3n de despachos en los juzgados desde el 12 de agosto hasta el 12 de septiembre.<\/strong><\/p>\n\n\n\n<p>Se\u00f1ala la resoluci\u00f3n que durante ese per\u00edodo permanecer\u00e1n en suspenso las causas y no correr\u00e1n los lapsos procesales, lo cual no impide que se practiquen las acciones urgentes para el aseguramiento de los derechos de alguna de las partes, de conformidad con la ley.<\/p>\n\n\n\n<p>Al respecto, los \u00f3rganos jurisdiccionales tomar\u00e1n las debidas previsiones para que no sea suspendido el servicio de administraci\u00f3n de justicia y a tal efecto se acordar\u00e1 su habilitaci\u00f3n para que se proceda al despacho de los asuntos urgentes.<\/p>\n\n\n\n<p><strong>En materia de amparo constitucional se considerar\u00e1n habilitados todos los d\u00edas del per\u00edodo, por lo que los jueces y juezas est\u00e1n en la obligaci\u00f3n de tramitar y sentenciar los procesos designados<\/strong>.&nbsp;<\/p>\n\n\n\n<p>Las Salas Constitucional y Electoral del TSJ permanecer\u00e1n de guardia durante el estado de contingencia, precisa la Resoluci\u00f3n del Alto Tribunal.<\/p>\n\n\n\n<p><strong>Los tribunales con competencia en materia penal mantendr\u00e1n la continuidad del servicio p\u00fablico de administraci\u00f3n de justicia en el \u00e1mbito nacional,&nbsp;<\/strong>de conformidad con lo dispuesto en el art\u00edculo 156 del C\u00f3digo Org\u00e1nico Procesal Penal, solo para los asuntos urgentes.<\/p>\n\n\n\n<p>Se\u00f1ala el documento que los Magistrados y las Magistradas de la Sala Plena del M\u00e1ximo Juzgado, durante el per\u00edodo de Alarma Constitucional mantendr\u00e1n el qu\u00f3rum necesario para la deliberaci\u00f3n conforme con lo que regulan los art\u00edculos 10 y 11 de la Ley Org\u00e1nica del Tribunal Supremo de Justicia.<\/p>\n\n\n\n<p>Asimismo, se insta a las juezas, jueces, funcionarias y funcionarios integrantes del Poder Judicial a tomar todas las medidas sanitarias en la ejecuci\u00f3n de sus actividades, por lo que es obligatorio el uso de guantes y tapabocas en todas las sedes judiciales del pa\u00eds.<\/p>\n\n\n\n<figure><iframe allowfullscreen=\"true\" class=\"\" src=\"https:\/\/platform.twitter.com\/embed\/index.html?dnt=true&amp;embedId=twitter-widget-0&amp;frame=false&amp;hideCard=false&amp;hideThread=false&amp;id=1296506069443907584&amp;lang=es&amp;origin=https%3A%2F%2Funionradio.net%2Ftsj-extiende-suspension-de-despachos-en-los-juzgados%2F&amp;theme=light&amp;widgetsVersion=223fc1c4%3A1596143124634&amp;width=500px\"><\/iframe><\/figure>\n\n\n\n<p>AVN<\/p>\n","protected":false},"excerpt":{"rendered":"<p>CARACAS.-El Tribunal Supremo de Justicia (TSJ)&nbsp;extendi\u00f3 por 30 d\u00edas la suspensi\u00f3n de despachos en los juzgados desde el 12 de agosto hasta el 12 de septiembre. Se\u00f1ala la resoluci\u00f3n que durante ese per\u00edodo permanecer\u00e1n en suspenso las causas y no correr\u00e1n los lapsos procesales, lo cual no impide que se practiquen las acciones urgentes para [&hellip;]<\/p>\n","protected":false},"author":2,"featured_media":174245,"comment_status":"closed","ping_status":"closed","sticky":false,"template":"","format":"standard","meta":{"footnotes":""},"categories":[5,9],"tags":[],"class_list":{"0":"post-174243","1":"post","2":"type-post","3":"status-publish","4":"format-standard","5":"has-post-thumbnail","7":"category-destacado","8":"category-nacionales"},"_links":{"self":[{"href":"https:\/\/elluchador.info\/index.php?rest_route=\/wp\/v2\/posts\/174243","targetHints":{"allow":["GET"]}}],"collection":[{"href":"https:\/\/elluchador.info\/index.php?rest_route=\/wp\/v2\/posts"}],"about":[{"href":"https:\/\/elluchador.info\/index.php?rest_route=\/wp\/v2\/types\/post"}],"author":[{"embeddable":true,"href":"https:\/\/elluchador.info\/index.php?rest_route=\/wp\/v2\/users\/2"}],"replies":[{"embeddable":true,"href":"https:\/\/elluchador.info\/index.php?rest_route=%2Fwp%2Fv2%2Fcomments&post=174243"}],"version-history":[{"count":1,"href":"https:\/\/elluchador.info\/index.php?rest_route=\/wp\/v2\/posts\/174243\/revisions"}],"predecessor-version":[{"id":174246,"href":"https:\/\/elluchador.info\/index.php?rest_route=\/wp\/v2\/posts\/174243\/revisions\/174246"}],"wp:featuredmedia":[{"embeddable":true,"href":"https:\/\/elluchador.info\/index.php?rest_route=\/wp\/v2\/media\/174245"}],"wp:attachment":[{"href":"https:\/\/elluchador.info\/index.php?rest_route=%2Fwp%2Fv2%2Fmedia&parent=174243"}],"wp:term":[{"taxonomy":"category","embeddable":true,"href":"https:\/\/elluchador.info\/index.php?rest_route=%2Fwp%2Fv2%2Fcategories&post=174243"},{"taxonomy":"post_tag","embeddable":true,"href":"https:\/\/elluchador.info\/index.php?rest_route=%2Fwp%2Fv2%2Ftags&post=174243"}],"curies":[{"name":"wp","href":"https:\/\/api.w.org\/{rel}","templated":true}]}}