{"id":178052,"date":"2020-10-09T17:10:18","date_gmt":"2020-10-09T21:10:18","guid":{"rendered":"https:\/\/elluchador.info\/web\/?p=178052"},"modified":"2020-10-09T18:12:50","modified_gmt":"2020-10-09T22:12:50","slug":"gobernador-justo-noguera-y-alcalde-sergio-hernandez-inauguran-farmapatria-en-ciudad-bolivar","status":"publish","type":"post","link":"https:\/\/elluchador.info\/?p=178052","title":{"rendered":"Gobernador Justo Noguera y alcalde Sergio Hern\u00e1ndez inauguran Farmapatria en Ciudad Bol\u00edvar"},"content":{"rendered":"\n<p class=\"has-text-align-center\"><em>*** Un espacio para seguir brindando atenci\u00f3n a los bolivarenses<\/em><\/p>\n\n\n\n<p><strong>(Prensa Alcald\u00eda AO).- <\/strong>Bajo la bendici\u00f3n de Dios y una ma\u00f1ana llena de alegr\u00eda por parte de las personas, se realiz\u00f3 la inauguraci\u00f3n de Farmapatria, la primera en Ciudad Bol\u00edvar y la tercera en el estado, la cual vendr\u00e1 a fortalecer el sistema de salud en la entidad para los bolivarenses.<\/p>\n\n\n\n<p>En el acto estuvo presente el Gobernador del Estado Bol\u00edvar, Justo Noguera Pietri; el alcalde Sergio Hern\u00e1ndez, el Gerente Regional a nivel oriental de Farmapatria, Jhon Anthony Vel\u00e1squez; la directora de Salud Municipal, Sarah Lizardi; la directora de Infraestructura Municipal, C\u00e1ndida M\u00fajica; as\u00ed como representantes del Instituto de Salud P\u00fablica (ISP) a trav\u00e9s de la jefa del distrito n\u00famero 1, Mildred D\u00edaz; as\u00ed como autoridades de las fuerzas vivas y representantes de la comunidad.<\/p>\n\n\n\n<p>El padre Antonio Valladares fue el encargado de dar la bendici\u00f3n a estos espacios que vendr\u00e1n a fortalecer la salud de todos los bolivarenses, los cuales fueron construidos bajo el accionar social y amor al pr\u00f3jimo.<\/p>\n\n\n\n<p>Una vez que las autoridades efectuaron el proceso de inauguraci\u00f3n de estos espacios, realizaron el recorrido por el lugar, quienes observaron la calidad de vocaci\u00f3n y servicio de todas las personas encargadas del lugar; as\u00ed como la alegr\u00eda de los primeros beneficiarios de recibir sus medicamentos.<\/p>\n\n\n\n<p>En este sentido, el Gobernador del Estado Bol\u00edvar, Justo Noguera Pietri coment\u00f3 que todo esto es posible solo en revoluci\u00f3n y donde se brinda atenci\u00f3n al pueblo de manera integral.<\/p>\n\n\n\n<p>Adem\u00e1s acot\u00f3 que la apertura de estos espacios demuestra el trabajo perseverante y valiente del alcalde Sergio Hern\u00e1ndez, quien acompa\u00f1ado de su equipo dan todo por llevar la mayor suma de felicidad al pueblo.<\/p>\n\n\n\n<p>Asimismo, la directora de Salud Municipal, Sarah Lizardi dijo que ahora en el hospital municipal cuentan con una mano amiga como es la Farmapatria para de esta manera seguir sumando voluntades en materia de atenci\u00f3n oportuna a todos los ciudadanos.<\/p>\n\n\n\n<p>\u201cEstas pol\u00edticas son para nuestro pueblo, aqu\u00ed van a contar con un personal de primera, gracias a nuestro amigo Jhon Anthony Vel\u00e1squez, quien es el Gerente Regional a nivel oriental y junto al presidente de Farmapatria Cristhian Warner &nbsp;hicieron este sue\u00f1o realidad para el bienestar de todos los bolivarenses\u201d, apunt\u00f3 Lizardi.<\/p>\n\n\n\n<p><strong>Llevando atenci\u00f3n a los ciudadanos<\/strong><\/p>\n\n\n\n<p>En este sentido, el l\u00edder municipal Sergio Hern\u00e1ndez agradeci\u00f3 al presidente constitucional Nicol\u00e1s Maduro; al ministro del Poder Popular para la Salud, Carlos Alvarado; as\u00ed como las autoridades de Farmapatria por tomar en cuenta a Ciudad Bol\u00edvar para la instalaci\u00f3n de este establecimiento que es el tercero en el estado Bol\u00edvar.<\/p>\n\n\n\n<p>Record\u00f3 que esta importante instituci\u00f3n, creada bajo las pol\u00edticas del presidente constitucional, viene a reforzar la atenci\u00f3n en materia de salud de todos los habitantes de la entidad capital, la cual funcionaria en los espacios del hospital Subtte. (B) Omaira Rodr\u00edguez.<\/p>\n\n\n\n<p>El l\u00edder municipal dijo que estas instalaciones gracias a Jhon Anthony Vel\u00e1squez, quien es el Gerente Regional a nivel oriental y junto al presidente de Farmapatria Cristhian Warner est\u00e1 totalmente equipada y donde cuenta con un personal altamente calificado, quienes estar\u00e1n disponibles para dar la atenci\u00f3n integral a las personas que requieran los medicamentos.<\/p>\n\n\n\n<p>\u201cEn tiempos dif\u00edciles y de bloqueo econ\u00f3mico, las pol\u00edticas revolucionarias contin\u00faan de la mano del pueblo y para muestra un bot\u00f3n, una vez puesta en marcha se dio inicio a la atenci\u00f3n de las personas, quienes reciben sus medicamentos una vez que el equipo verifique los r\u00e9cipes, llenen los datos y los coloquen en el sistema; para posteriormente realizar la entrega del mismo\u201d, dijo Hern\u00e1ndez.<\/p>\n\n\n\n<p>Culmin\u00f3 diciendo el alcalde de Ciudad Bol\u00edvar que la revoluci\u00f3n es imparable y que as\u00ed ha sido demostrado en cada accionar para el bienestar del pueblo, donde se contin\u00faan fortaleciendo las pol\u00edticas en materia de salud para todos los ciudadanos y de esta manera seguir llevando la mayor suma de felicidad posible. JARJ.<\/p>\n","protected":false},"excerpt":{"rendered":"<p>*** Un espacio para seguir brindando atenci\u00f3n a los bolivarenses (Prensa Alcald\u00eda AO).- Bajo la bendici\u00f3n de Dios y una ma\u00f1ana llena de alegr\u00eda por parte de las personas, se realiz\u00f3 la inauguraci\u00f3n de Farmapatria, la primera en Ciudad Bol\u00edvar y la tercera en el estado, la cual vendr\u00e1 a fortalecer el sistema de salud [&hellip;]<\/p>\n","protected":false},"author":2,"featured_media":178053,"comment_status":"closed","ping_status":"closed","sticky":false,"template":"","format":"standard","meta":{"footnotes":""},"categories":[5,20],"tags":[],"class_list":{"0":"post-178052","1":"post","2":"type-post","3":"status-publish","4":"format-standard","5":"has-post-thumbnail","7":"category-destacado","8":"category-municipal"},"_links":{"self":[{"href":"https:\/\/elluchador.info\/index.php?rest_route=\/wp\/v2\/posts\/178052","targetHints":{"allow":["GET"]}}],"collection":[{"href":"https:\/\/elluchador.info\/index.php?rest_route=\/wp\/v2\/posts"}],"about":[{"href":"https:\/\/elluchador.info\/index.php?rest_route=\/wp\/v2\/types\/post"}],"author":[{"embeddable":true,"href":"https:\/\/elluchador.info\/index.php?rest_route=\/wp\/v2\/users\/2"}],"replies":[{"embeddable":true,"href":"https:\/\/elluchador.info\/index.php?rest_route=%2Fwp%2Fv2%2Fcomments&post=178052"}],"version-history":[{"count":1,"href":"https:\/\/elluchador.info\/index.php?rest_route=\/wp\/v2\/posts\/178052\/revisions"}],"predecessor-version":[{"id":178054,"href":"https:\/\/elluchador.info\/index.php?rest_route=\/wp\/v2\/posts\/178052\/revisions\/178054"}],"wp:featuredmedia":[{"embeddable":true,"href":"https:\/\/elluchador.info\/index.php?rest_route=\/wp\/v2\/media\/178053"}],"wp:attachment":[{"href":"https:\/\/elluchador.info\/index.php?rest_route=%2Fwp%2Fv2%2Fmedia&parent=178052"}],"wp:term":[{"taxonomy":"category","embeddable":true,"href":"https:\/\/elluchador.info\/index.php?rest_route=%2Fwp%2Fv2%2Fcategories&post=178052"},{"taxonomy":"post_tag","embeddable":true,"href":"https:\/\/elluchador.info\/index.php?rest_route=%2Fwp%2Fv2%2Ftags&post=178052"}],"curies":[{"name":"wp","href":"https:\/\/api.w.org\/{rel}","templated":true}]}}