{"id":179144,"date":"2020-10-20T19:04:59","date_gmt":"2020-10-20T23:04:59","guid":{"rendered":"https:\/\/elluchador.info\/web\/?p=179144"},"modified":"2020-10-20T19:02:52","modified_gmt":"2020-10-20T23:02:52","slug":"resoluciones-de-la-oea-quizas-no-tengan-efecto-practico-en-el-pais","status":"publish","type":"post","link":"https:\/\/elluchador.info\/?p=179144","title":{"rendered":"Resoluciones de la OEA quiz\u00e1s no tengan efecto pr\u00e1ctico en el pa\u00eds"},"content":{"rendered":"\n<p>\u00abEn la vida pr\u00e1ctica cotidiana poco; pero para la comunidad, como es un tema ya no s\u00f3lo nacional, sino que impacta a la regi\u00f3n por la ola migratoria, por la estabilidad regional de la econom\u00eda y del comercio, por supuesto vuelve a ser importante que en Venezuela haya una soluci\u00f3n\u00bb, expres\u00f3.<\/p>\n\n\n\n<p>El jefe de la c\u00e1tedra de econom\u00eda internacional de la UCV, Luis Angarita, considera que una resoluci\u00f3n aprobada en la Organizaci\u00f3n de Estados Americanos (OEA) sobre Venezuela podr\u00eda tener pocos efectos sobre el pa\u00eds.<\/p>\n\n\n\n<p>Agreg\u00f3 que\u00a0los venezolanos no se deben generar expectativas con las posibles decisiones en el seno de la OEA,\u00a0porque s\u00f3lo dan cuenta de la preocupaci\u00f3n de la comunidad internacional por lo que sucede en Venezuela,\u00a0aunque no sean aplicables.<\/p>\n\n\n\n<p>En entrevista con\u00a0Vanessa Davies\u00a0en el programa\u00a0Por donde vamos\u00a0que transmite\u00a0Uni\u00f3n Radio,\u00a0agreg\u00f3 que a\u00a0Brasil y Colombia\u00a0son las naciones a las que m\u00e1s les preocupa que se alcance una pronta soluci\u00f3n a la crisis nacional, porque son\u00a0afectados directos de la migraci\u00f3n.<\/p>\n\n\n\n<p>\u00abSon de los que tienen las posturas m\u00e1s fuertes contra Maduro pero tambi\u00e9n de los que sufren m\u00e1s, todo lo que son los resultados por las olas migratorias, las crisis fronterizas\u00bb, a\u00f1adi\u00f3.<\/p>\n\n\n\n<p>Uni\u00f3n radio <\/p>\n","protected":false},"excerpt":{"rendered":"<p>\u00abEn la vida pr\u00e1ctica cotidiana poco; pero para la comunidad, como es un tema ya no s\u00f3lo nacional, sino que impacta a la regi\u00f3n por la ola migratoria, por la estabilidad regional de la econom\u00eda y del comercio, por supuesto vuelve a ser importante que en Venezuela haya una soluci\u00f3n\u00bb, expres\u00f3. El jefe de la [&hellip;]<\/p>\n","protected":false},"author":2,"featured_media":179148,"comment_status":"closed","ping_status":"closed","sticky":false,"template":"","format":"standard","meta":{"footnotes":""},"categories":[5,9],"tags":[],"class_list":{"0":"post-179144","1":"post","2":"type-post","3":"status-publish","4":"format-standard","5":"has-post-thumbnail","7":"category-destacado","8":"category-nacionales"},"_links":{"self":[{"href":"https:\/\/elluchador.info\/index.php?rest_route=\/wp\/v2\/posts\/179144","targetHints":{"allow":["GET"]}}],"collection":[{"href":"https:\/\/elluchador.info\/index.php?rest_route=\/wp\/v2\/posts"}],"about":[{"href":"https:\/\/elluchador.info\/index.php?rest_route=\/wp\/v2\/types\/post"}],"author":[{"embeddable":true,"href":"https:\/\/elluchador.info\/index.php?rest_route=\/wp\/v2\/users\/2"}],"replies":[{"embeddable":true,"href":"https:\/\/elluchador.info\/index.php?rest_route=%2Fwp%2Fv2%2Fcomments&post=179144"}],"version-history":[{"count":1,"href":"https:\/\/elluchador.info\/index.php?rest_route=\/wp\/v2\/posts\/179144\/revisions"}],"predecessor-version":[{"id":179149,"href":"https:\/\/elluchador.info\/index.php?rest_route=\/wp\/v2\/posts\/179144\/revisions\/179149"}],"wp:featuredmedia":[{"embeddable":true,"href":"https:\/\/elluchador.info\/index.php?rest_route=\/wp\/v2\/media\/179148"}],"wp:attachment":[{"href":"https:\/\/elluchador.info\/index.php?rest_route=%2Fwp%2Fv2%2Fmedia&parent=179144"}],"wp:term":[{"taxonomy":"category","embeddable":true,"href":"https:\/\/elluchador.info\/index.php?rest_route=%2Fwp%2Fv2%2Fcategories&post=179144"},{"taxonomy":"post_tag","embeddable":true,"href":"https:\/\/elluchador.info\/index.php?rest_route=%2Fwp%2Fv2%2Ftags&post=179144"}],"curies":[{"name":"wp","href":"https:\/\/api.w.org\/{rel}","templated":true}]}}