{"id":179213,"date":"2020-10-20T21:26:16","date_gmt":"2020-10-21T01:26:16","guid":{"rendered":"https:\/\/elluchador.info\/web\/?p=179213"},"modified":"2020-10-20T21:20:35","modified_gmt":"2020-10-21T01:20:35","slug":"nanez-es-el-nuevo-vicepresidente-sectorial-de-comunicacion-cultura-y-turismo","status":"publish","type":"post","link":"https:\/\/elluchador.info\/?p=179213","title":{"rendered":"\u00d1\u00e1\u00f1ez es el nuevo Vicepresidente sectorial de Comunicaci\u00f3n Cultura y Turismo"},"content":{"rendered":"\n<p>La designaci\u00f3n se hizo oficial tras efectuarse el Consejo de Ministros N\u00ba 521, bajo la modalidad de videoconferencia, en las instalaciones de la Sala de Prensa \u201cSim\u00f3n Bol\u00edvar\u201d del Palacio de Miraflores, refiere una nota oficial.<\/p>\n\n\n\n<p>El ministro para la Comunicaci\u00f3n e Informaci\u00f3n, Freddy \u00d1\u00e1\u00f1ez, fue designado este martes como el nuevo Vicepresidente sectorial de Comunicaci\u00f3n, Cultura y Turismo, en sustituci\u00f3n de Jorge Rodr\u00edguez,\u00a0quien est\u00e1 a la cabeza de la campa\u00f1a electoral.<\/p>\n\n\n\n<p>Durante la actividad, \u00d1\u00e1\u00f1ez \u2014\u00a0quien tambi\u00e9n fue designado ministro para la Comunicaci\u00f3n e Informaci\u00f3n, en sustituci\u00f3n de Jorge Rodr\u00edguez\u00a0\u2014 asever\u00f3 que se realiz\u00f3 una evaluaci\u00f3n del cumplimiento de las medidas de bioseguridad durante el segundo d\u00eda de aplicaci\u00f3n de la quinta fase de flexibilizaci\u00f3n general, vigilada y disciplinada establecida por el Gobierno Nacional para el control del COVID-19.<\/p>\n\n\n\n<p>Con informaci\u00f3n de&nbsp;<strong>AVN<\/strong><\/p>\n","protected":false},"excerpt":{"rendered":"<p>La designaci\u00f3n se hizo oficial tras efectuarse el Consejo de Ministros N\u00ba 521, bajo la modalidad de videoconferencia, en las instalaciones de la Sala de Prensa \u201cSim\u00f3n Bol\u00edvar\u201d del Palacio de Miraflores, refiere una nota oficial. El ministro para la Comunicaci\u00f3n e Informaci\u00f3n, Freddy \u00d1\u00e1\u00f1ez, fue designado este martes como el nuevo Vicepresidente sectorial de [&hellip;]<\/p>\n","protected":false},"author":2,"featured_media":179214,"comment_status":"closed","ping_status":"closed","sticky":false,"template":"","format":"standard","meta":{"footnotes":""},"categories":[5,11],"tags":[],"class_list":{"0":"post-179213","1":"post","2":"type-post","3":"status-publish","4":"format-standard","5":"has-post-thumbnail","7":"category-destacado","8":"category-politica"},"_links":{"self":[{"href":"https:\/\/elluchador.info\/index.php?rest_route=\/wp\/v2\/posts\/179213","targetHints":{"allow":["GET"]}}],"collection":[{"href":"https:\/\/elluchador.info\/index.php?rest_route=\/wp\/v2\/posts"}],"about":[{"href":"https:\/\/elluchador.info\/index.php?rest_route=\/wp\/v2\/types\/post"}],"author":[{"embeddable":true,"href":"https:\/\/elluchador.info\/index.php?rest_route=\/wp\/v2\/users\/2"}],"replies":[{"embeddable":true,"href":"https:\/\/elluchador.info\/index.php?rest_route=%2Fwp%2Fv2%2Fcomments&post=179213"}],"version-history":[{"count":1,"href":"https:\/\/elluchador.info\/index.php?rest_route=\/wp\/v2\/posts\/179213\/revisions"}],"predecessor-version":[{"id":179215,"href":"https:\/\/elluchador.info\/index.php?rest_route=\/wp\/v2\/posts\/179213\/revisions\/179215"}],"wp:featuredmedia":[{"embeddable":true,"href":"https:\/\/elluchador.info\/index.php?rest_route=\/wp\/v2\/media\/179214"}],"wp:attachment":[{"href":"https:\/\/elluchador.info\/index.php?rest_route=%2Fwp%2Fv2%2Fmedia&parent=179213"}],"wp:term":[{"taxonomy":"category","embeddable":true,"href":"https:\/\/elluchador.info\/index.php?rest_route=%2Fwp%2Fv2%2Fcategories&post=179213"},{"taxonomy":"post_tag","embeddable":true,"href":"https:\/\/elluchador.info\/index.php?rest_route=%2Fwp%2Fv2%2Ftags&post=179213"}],"curies":[{"name":"wp","href":"https:\/\/api.w.org\/{rel}","templated":true}]}}