{"id":179801,"date":"2020-10-26T11:11:41","date_gmt":"2020-10-26T15:11:41","guid":{"rendered":"https:\/\/elluchador.info\/web\/?p=179801"},"modified":"2020-10-26T11:04:45","modified_gmt":"2020-10-26T15:04:45","slug":"todo-sobre-la-exhumacion-de-jose-gregorio-hernandez","status":"publish","type":"post","link":"https:\/\/elluchador.info\/?p=179801","title":{"rendered":"Todo sobre la exhumaci\u00f3n de Jos\u00e9 Gregorio Hern\u00e1ndez"},"content":{"rendered":"\n<p>Jos\u00e9 Gregorio Hern\u00e1ndez es un ejemplo de santidad para los venezolanos. El venerable m\u00e9dico trujillano predic\u00f3 con su vida lo que es ser un verdadero cristiano y ciudadano ejemplar.<\/p>\n\n\n\n<figure class=\"wp-block-image\"><img decoding=\"async\" src=\"https:\/\/unionradio.net\/wp-content\/uploads\/2020\/06\/9561bbbc1cb9de325b23f128abb07dfbea1d2986m.jpg?x51139\" alt=\"\" class=\"wp-image-753229\"\/><figcaption>Jos\u00e9 Gregorio Hern\u00e1ndez<\/figcaption><\/figure>\n\n\n\n<p>Jos\u00e9 Gregorio Hern\u00e1ndez Cisneros naci\u00f3 en la poblaci\u00f3n de Isnot\u00fa en el andino estado Trujillo, el 26 de octubre de 1864.<\/p>\n\n\n\n<p>Se form\u00f3 como m\u00e9dico y quiso ser sacerdote, pero tras varios intentos debi\u00f3 abandonar y se dedic\u00f3 por completo a hacer el bien desde la medicina y la ciencia, al servicio de los despose\u00eddos.<\/p>\n\n\n\n<p>Y no en vano le otorgaron el t\u00edtulo de \u00abm\u00e9dico de los pobres\u00bb, pues era generoso en atender a quienes lo necesitaban, aun cuando no ten\u00edan c\u00f3mo pagar la consulta.<\/p>\n\n\n\n<p>El doctor Hern\u00e1ndez falleci\u00f3 arrollado por un veh\u00edculo en la esquina de Amadores, en la parroquia La Pastora de Caracas, el 29 de junio de 1919.<\/p>\n\n\n\n<figure class=\"wp-block-image\"><img decoding=\"async\" src=\"https:\/\/unionradio.net\/wp-content\/uploads\/2019\/06\/jgh3.jpg?x51139\" alt=\"\" class=\"wp-image-680603\"\/><figcaption>Im\u00e1genes de Jos\u00e9 Gregorio Hern\u00e1ndez (Foto Luis Gabriel Pati\u00f1o\/UR)<\/figcaption><\/figure>\n\n\n\n<p>Aunque en el coraz\u00f3n de los venezolanos Jos\u00e9 Gregorio siempre ha sido un santo, no tan r\u00e1pido han avanzado los procesos que exige El Vaticano para elevarlo a los altares.<\/p>\n\n\n\n<p>Sin embargo, 70 a\u00f1os despu\u00e9s de iniciada la causa, lleg\u00f3 un b\u00e1lsamo de alegr\u00eda a Venezuela: El m\u00e9dico de los pobres ser\u00e1 beatificado.<\/p>\n\n\n\n<h4 class=\"wp-block-heading\"><strong>Un requisito necesario antes de la ceremonia de beatificaci\u00f3n: exhumar los restos<\/strong><\/h4>\n\n\n\n<p>Los restos del venerable venezolano reposan en la iglesia de La Candelaria desde 1975 para protegerlos ya que hab\u00edan sido sepultados en el Cementerio General del Sur.<\/p>\n\n\n\n<p><strong>\u00bfPor qu\u00e9 una segunda exhumaci\u00f3n?<\/strong><\/p>\n\n\n\n<p>El cardenal Baltazar Porras explic\u00f3 que este proceso exigido por autoridades de la iglesia se realiza para verificar que los restos venerados \u00abson aut\u00e9nticos\u00bb, adem\u00e1s se extraer\u00e1n las reliquias que ser\u00e1n enviadas a Roma y a cada una de las di\u00f3cesis de Venezuela y otros pa\u00edses donde se establezcan parroquias o santuarios en su honor. https:\/\/audioteca.unionradio.net\/audio-player\/?audioid=https:\/\/audioteca.unionradio.net\/wp-content\/uploads\/2020\/10\/BALTAZAR-PORRAS-1.mp3&amp;title=Declaraciones%20de%20Baltazar%20Porras&amp;album=ur.png<\/p>\n\n\n\n<p>La exhumaci\u00f3n coincidir\u00e1 con el 156 aniversario de su natalicio, y comenzar\u00e1 a las 10:00 de la ma\u00f1ana con una duraci\u00f3n un poco m\u00e1s de una hora.<\/p>\n\n\n\n<figure class=\"wp-block-image\"><img decoding=\"async\" src=\"https:\/\/unionradio.net\/wp-content\/uploads\/2020\/06\/a6d68b4b-b2a8-4bca-99ce-cbce3533be18.jpg?x51139\" alt=\"\" class=\"wp-image-755234\"\/><figcaption>Misa en La Candelaria<\/figcaption><\/figure>\n\n\n\n<p>El purpurado explic\u00f3 que primero se sacar\u00e1 la tumba y luego se har\u00e1 una oraci\u00f3n que no es de difunto sino de gloria, ya que \u00abtenemos la certeza de que est\u00e1 en el cielo\u00bb.<\/p>\n\n\n\n<p>Los restos se llevar\u00e1n hasta el altar central de la Iglesia de La Candelaria, donde recibir\u00e1 el homenaje de los obispos y sacerdotes vicepostuladores de su causa de beatificaci\u00f3n, acompa\u00f1ados de un repertorio de m\u00fasica religiosa venezolana.<\/p>\n\n\n\n<p>Luego de ese acto p\u00fablico los restos son conducidos a una habitaci\u00f3n previamente preparada en la que el equipo m\u00e9dico llenar\u00e1 los formularios correspondientes y se levantar\u00e1 la evidencia fotogr\u00e1fica, durante dos o tres d\u00edas.<\/p>\n\n\n\n<p>De acuerdo al protocolo de El Vaticano, estar\u00e1n presentes el Tribunal Eclesi\u00e1stico, que certifica la \u00abparte jur\u00eddica\u00bb, y un grupo de m\u00e9dicos pat\u00f3logos y forenses que verificar\u00e1n el estado de los restos.<\/p>\n\n\n\n<p>La ceremonia ser\u00e1 transmitida a trav\u00e9s de las redes sociales de la Arquidi\u00f3cesis de Caracas y los canales de televisi\u00f3n nacionales.<\/p>\n\n\n\n<h4 class=\"wp-block-heading\"><strong>\u00bfC\u00f3mo fue el recorrido de Jos\u00e9 Gregorio Hern\u00e1ndez hacia los altares?<\/strong><\/h4>\n\n\n\n<p>\u2013<strong>1949:<\/strong> Monse\u00f1or Lucas Guillermo Castillo, entonces arzobispo de Caracas, inici\u00f3 el proceso de beatificaci\u00f3n y canonizaci\u00f3n.<\/p>\n\n\n\n<p>\u2013<strong>1972:<\/strong> La Santa Sede reconoce sus virtudes heroicas y lo declara \u00abSiervo de Dios\u00bb.<\/p>\n\n\n\n<p>\u2013<strong>1975: <\/strong>Sus restos son exhumados y trasladados a la Iglesia de La Candelaria.<\/p>\n\n\n\n<p>\u2013<strong>1986: <\/strong>El 16 de enero es declarado \u00abvenerable\u00bb, por San Juan Pablo II.<\/p>\n\n\n\n<p>\u2013<strong>2020: <\/strong>El 9 de enero la comisi\u00f3n m\u00e9dica de la Congregaci\u00f3n para la Causa de los Santos aprueba el milagro atribuido a su intercesi\u00f3n.<\/p>\n\n\n\n<p>\u2013<strong>2020:<\/strong> El 27 de abril la comisi\u00f3n teol\u00f3gica de la Congregaci\u00f3n para la Causa de los Santos, aprueba por unanimidad el milagro atribuido a su intercesi\u00f3n.<\/p>\n\n\n\n<p>\u2013<strong>2020: <\/strong>El 19 de junio la Congregaci\u00f3n para la Causa de los Santos promulga el decreto mediante el cual el Papa Francisco autoriza la beatificaci\u00f3n del m\u00e9dico de los pobres.<\/p>\n\n\n\n<h4 class=\"wp-block-heading\"><strong>El milagro<\/strong><\/h4>\n\n\n\n<p>La ni\u00f1a Yaxury Sol\u00f3rzano recibi\u00f3 un disparo en la cabeza que destruy\u00f3 parte de la masa encef\u00e1lica, por lo que su pron\u00f3stico era reservado. En caso de sobrevivir, quedar\u00eda con discapacidad motriz, ling\u00fc\u00edstica, p\u00e9rdida de memoria y de la visi\u00f3n. Su madre or\u00f3 a Jos\u00e9 Gregorio ya a los d\u00edas qued\u00f3 completamente sanada.<\/p>\n\n\n\n<figure class=\"wp-block-image\"><img decoding=\"async\" src=\"https:\/\/unionradio.net\/wp-content\/uploads\/2020\/10\/YAX.jpg?x51139\" alt=\"\" class=\"wp-image-778631\"\/><\/figure>\n\n\n\n<p>El 18 de diciembre de 2018, se constituy\u00f3 el Tribunal en la Di\u00f3cesis de San Fernando de Apure, donde ocurri\u00f3 el presunto milagro, que deb\u00eda ser estudiado para su presentaci\u00f3n en Roma.<\/p>\n\n\n\n<p>El 18 de enero de 2019, el expediente fue consignado ante las autoridades de la Congregaci\u00f3n para la Causa de Los Santos. A partir de esa fecha, se realiz\u00f3 el Decreto de Apertura, el Decreto de Validez Jur\u00eddica, la redacci\u00f3n del sumario y su pase a la Comisi\u00f3n de Revisi\u00f3n.<\/p>\n\n\n\n<p>Luego de la ceremonia de beatificaci\u00f3n, prevista para abril de 2021, oficialmente se podr\u00e1 llamar \u00abBeato Jos\u00e9 Gregorio Hern\u00e1ndez\u00bb.<\/p>\n\n\n\n<p>El trujillano es el cuarto venezolano y primer hombre en alcanzar los altares. Ya han sido beatificadas:\u00a0Mar\u00eda de San Jos\u00e9, Candelaria de San Jos\u00e9 y Carmen Rendiles.<\/p>\n\n\n\n<p><strong>UR<\/strong><\/p>\n","protected":false},"excerpt":{"rendered":"<p>Jos\u00e9 Gregorio Hern\u00e1ndez es un ejemplo de santidad para los venezolanos. El venerable m\u00e9dico trujillano predic\u00f3 con su vida lo que es ser un verdadero cristiano y ciudadano ejemplar. Jos\u00e9 Gregorio Hern\u00e1ndez Cisneros naci\u00f3 en la poblaci\u00f3n de Isnot\u00fa en el andino estado Trujillo, el 26 de octubre de 1864. Se form\u00f3 como m\u00e9dico y [&hellip;]<\/p>\n","protected":false},"author":2,"featured_media":179803,"comment_status":"closed","ping_status":"closed","sticky":false,"template":"","format":"standard","meta":{"footnotes":""},"categories":[5,9],"tags":[],"class_list":{"0":"post-179801","1":"post","2":"type-post","3":"status-publish","4":"format-standard","5":"has-post-thumbnail","7":"category-destacado","8":"category-nacionales"},"_links":{"self":[{"href":"https:\/\/elluchador.info\/index.php?rest_route=\/wp\/v2\/posts\/179801","targetHints":{"allow":["GET"]}}],"collection":[{"href":"https:\/\/elluchador.info\/index.php?rest_route=\/wp\/v2\/posts"}],"about":[{"href":"https:\/\/elluchador.info\/index.php?rest_route=\/wp\/v2\/types\/post"}],"author":[{"embeddable":true,"href":"https:\/\/elluchador.info\/index.php?rest_route=\/wp\/v2\/users\/2"}],"replies":[{"embeddable":true,"href":"https:\/\/elluchador.info\/index.php?rest_route=%2Fwp%2Fv2%2Fcomments&post=179801"}],"version-history":[{"count":1,"href":"https:\/\/elluchador.info\/index.php?rest_route=\/wp\/v2\/posts\/179801\/revisions"}],"predecessor-version":[{"id":179804,"href":"https:\/\/elluchador.info\/index.php?rest_route=\/wp\/v2\/posts\/179801\/revisions\/179804"}],"wp:featuredmedia":[{"embeddable":true,"href":"https:\/\/elluchador.info\/index.php?rest_route=\/wp\/v2\/media\/179803"}],"wp:attachment":[{"href":"https:\/\/elluchador.info\/index.php?rest_route=%2Fwp%2Fv2%2Fmedia&parent=179801"}],"wp:term":[{"taxonomy":"category","embeddable":true,"href":"https:\/\/elluchador.info\/index.php?rest_route=%2Fwp%2Fv2%2Fcategories&post=179801"},{"taxonomy":"post_tag","embeddable":true,"href":"https:\/\/elluchador.info\/index.php?rest_route=%2Fwp%2Fv2%2Ftags&post=179801"}],"curies":[{"name":"wp","href":"https:\/\/api.w.org\/{rel}","templated":true}]}}