{"id":179811,"date":"2020-10-26T11:48:12","date_gmt":"2020-10-26T15:48:12","guid":{"rendered":"https:\/\/elluchador.info\/web\/?p=179811"},"modified":"2020-10-26T11:37:03","modified_gmt":"2020-10-26T15:37:03","slug":"david-bisbal-y-la-venezolana-rosanna-zanetti-anuncian-nacimiento-de-su-hija-bianca","status":"publish","type":"post","link":"https:\/\/elluchador.info\/?p=179811","title":{"rendered":"David Bisbal y la venezolana Rosanna Zanetti anuncian nacimiento de su hija Bianca"},"content":{"rendered":"\n<p>El cantante espa\u00f1ol David Bisbal anunci\u00f3 a trav\u00e9s de las redes sociales que ha sido padre por tercera vez, la segunda junto a su&nbsp;<strong>esposa la modelo venezolana Rosanna Zanetti,<\/strong>&nbsp;de una ni\u00f1a a la que han llamado Bianca.<\/p>\n\n\n\n<blockquote class=\"wp-block-quote is-layout-flow wp-block-quote-is-layout-flow\"><p>En su cuenta de Instagram, Bisbal escribi\u00f3: \u00abBienvenida al mundo Bianca Bisbal Zanetti\u00bb, junto a una imagen en la que aparecen su mujer y la reci\u00e9n nacida.<\/p><\/blockquote>\n\n\n\n<p>Despu\u00e9s el cantante no ha podido ocult\u00f3 su felicidad y a\u00f1adi\u00f3 otra fotograf\u00eda con el siguiente mensaje: \u00abEstamos muy felices y emocionados con nuestra peque\u00f1a. Tanto Rosanna como nuestra peque\u00f1a Bianca est\u00e1n muy bien! Gracias a todos por el cari\u00f1o! Os queremos\u00bb, un \u00abselfie\u00bb en el que aparece \u00e9l, la mam\u00e1 y la beb\u00e9.<\/p>\n\n\n\n<p>La peque\u00f1a lleg\u00f3 al mundo esta madrugada y el cantante ya tiene en su cuenta m\u00e1s de medio mill\u00f3n de mensajes de felicitaci\u00f3n.<\/p>\n\n\n\n<p>Este es el segundo hijo de Bisbal y Zannetti. El primero fue Matteo, de casi un a\u00f1o y medio. Pero el cantante de \u00abBuler\u00eda\u00bb ya aportaba al matrimonio una hija, Ella, de diez a\u00f1os, fruto de su relaci\u00f3n con la empresaria Elena Tablada.<\/p>\n\n\n\n<blockquote class=\"wp-block-quote is-layout-flow wp-block-quote-is-layout-flow\"><p>\u00abSoy un enamorado de mi familia y estamos muy felices de que siga creciendo. Hace 4 meses recibimos la mejor noticia, beb\u00e9 en camino!!!! Pronto seremos 5\u00bb, escribi\u00f3 Bisbal para anunciar el embarazo.<br>David Bisbal y Rosanna Zanetti comenzaron su relaci\u00f3n en 2016 y se casaron en una boda \u00edntima en 2018.<\/p><\/blockquote>\n\n\n\n<figure class=\"wp-block-embed-twitter wp-block-embed is-type-rich is-provider-twitter\"><div class=\"wp-block-embed__wrapper\">\n<blockquote class=\"twitter-tweet\" data-width=\"550\" data-dnt=\"true\"><p lang=\"es\" dir=\"ltr\">\u00a1Enhorabuena! David Bisbal y Rosanna Zanetti se convierten en padres por segunda vez <a href=\"https:\/\/t.co\/cE6uveZhVz\">https:\/\/t.co\/cE6uveZhVz<\/a> <a href=\"https:\/\/t.co\/Err0AiY2nr\">pic.twitter.com\/Err0AiY2nr<\/a><\/p>&mdash; Revista \u00a1HOLA! (@holamexico) <a href=\"https:\/\/twitter.com\/holamexico\/status\/1320730870605557760?ref_src=twsrc%5Etfw\">October 26, 2020<\/a><\/blockquote><script async src=\"https:\/\/platform.twitter.com\/widgets.js\" charset=\"utf-8\"><\/script>\n<\/div><\/figure>\n\n\n\n<p>EFE<\/p>\n","protected":false},"excerpt":{"rendered":"<p>El cantante espa\u00f1ol David Bisbal anunci\u00f3 a trav\u00e9s de las redes sociales que ha sido padre por tercera vez, la segunda junto a su&nbsp;esposa la modelo venezolana Rosanna Zanetti,&nbsp;de una ni\u00f1a a la que han llamado Bianca. En su cuenta de Instagram, Bisbal escribi\u00f3: \u00abBienvenida al mundo Bianca Bisbal Zanetti\u00bb, junto a una imagen en [&hellip;]<\/p>\n","protected":false},"author":19,"featured_media":179814,"comment_status":"closed","ping_status":"closed","sticky":false,"template":"","format":"standard","meta":{"footnotes":""},"categories":[7],"tags":[],"class_list":{"0":"post-179811","1":"post","2":"type-post","3":"status-publish","4":"format-standard","5":"has-post-thumbnail","7":"category-entretenimiento"},"_links":{"self":[{"href":"https:\/\/elluchador.info\/index.php?rest_route=\/wp\/v2\/posts\/179811","targetHints":{"allow":["GET"]}}],"collection":[{"href":"https:\/\/elluchador.info\/index.php?rest_route=\/wp\/v2\/posts"}],"about":[{"href":"https:\/\/elluchador.info\/index.php?rest_route=\/wp\/v2\/types\/post"}],"author":[{"embeddable":true,"href":"https:\/\/elluchador.info\/index.php?rest_route=\/wp\/v2\/users\/19"}],"replies":[{"embeddable":true,"href":"https:\/\/elluchador.info\/index.php?rest_route=%2Fwp%2Fv2%2Fcomments&post=179811"}],"version-history":[{"count":1,"href":"https:\/\/elluchador.info\/index.php?rest_route=\/wp\/v2\/posts\/179811\/revisions"}],"predecessor-version":[{"id":179815,"href":"https:\/\/elluchador.info\/index.php?rest_route=\/wp\/v2\/posts\/179811\/revisions\/179815"}],"wp:featuredmedia":[{"embeddable":true,"href":"https:\/\/elluchador.info\/index.php?rest_route=\/wp\/v2\/media\/179814"}],"wp:attachment":[{"href":"https:\/\/elluchador.info\/index.php?rest_route=%2Fwp%2Fv2%2Fmedia&parent=179811"}],"wp:term":[{"taxonomy":"category","embeddable":true,"href":"https:\/\/elluchador.info\/index.php?rest_route=%2Fwp%2Fv2%2Fcategories&post=179811"},{"taxonomy":"post_tag","embeddable":true,"href":"https:\/\/elluchador.info\/index.php?rest_route=%2Fwp%2Fv2%2Ftags&post=179811"}],"curies":[{"name":"wp","href":"https:\/\/api.w.org\/{rel}","templated":true}]}}