{"id":179825,"date":"2020-10-26T12:10:27","date_gmt":"2020-10-26T16:10:27","guid":{"rendered":"https:\/\/elluchador.info\/web\/?p=179825"},"modified":"2020-10-26T12:07:47","modified_gmt":"2020-10-26T16:07:47","slug":"gobierno-de-arce-restablecera-relaciones-de-bolivia-con-venezuela","status":"publish","type":"post","link":"https:\/\/elluchador.info\/?p=179825","title":{"rendered":"Gobierno de Arce restablecer\u00e1 relaciones de Bolivia con Venezuela"},"content":{"rendered":"\n<p><strong>El presidente electo de Bolivia, Luis Arce,<\/strong> se propone reanudar las relaciones con <strong>Venezuela,<\/strong> seg\u00fan declar\u00f3 en una entrevista con el medio ruso Sputnik.&nbsp;\u00abVamos a retomar con el correcto y verdadero gobierno, que es el de compa\u00f1ero Maduro\u00bb, se\u00f1al\u00f3.<\/p>\n\n\n\n<p>Arce insisti\u00f3 en que \u00ablos hermanos venezolanos son como cualquier pa\u00eds sudamericano y nosotros queremos restablecer las relaciones con ellos\u00bb.<\/p>\n\n\n\n<p>\u00abLo que muchos&nbsp;queremos es volver a establecer la comunicaci\u00f3n con Venezuela, que este gobierno de facto cort\u00f3, por un tema netamente ideol\u00f3gico\u00bb, dijo en referencia a la decisi\u00f3n correspondiente del ejecutivo interino de Jeanine \u00c1\u00f1ez.<\/p>\n\n\n\n<p>En cuanto a la&nbsp;adhesi\u00f3n de Bolivia al Grupo de Lima, conocido con su postura en contra de Maduro, Arce estim\u00f3 que hay que evaluarla \u00abcon mucha calma\u00bb.&nbsp;\u00abNo s\u00e9 si somos m\u00e1s \u00fatiles adentro que afuera (\u2026) pero no coincidimos con muchos de los planes que tiene ese grupo\u00bb, subray\u00f3.<\/p>\n\n\n\n<p>A la vez, asegur\u00f3 que no teme que EEUU imponga sanciones contra Bolivia en caso de que se restablezcan las relaciones con Venezuela.<\/p>\n\n\n\n<p>\u00abSiempre esa amenaza, que la considero absolutamente infantil, creo que los pa\u00edses tienen que moverse con otros elementos y no tipificando y juzgando a los pa\u00edses\u00bb, se\u00f1al\u00f3.<\/p>\n\n\n\n<p>El 23 de octubre el Tribunal Supremo Electoral de Bolivia\u00a0proclam\u00f3 oficialmente a Luis Arce\u00a0presidente electo, para el quinquenio 2020-2025.<\/p>\n\n\n\n<p><strong>YVKEMundial.com<\/strong><\/p>\n","protected":false},"excerpt":{"rendered":"<p>El presidente electo de Bolivia, Luis Arce, se propone reanudar las relaciones con Venezuela, seg\u00fan declar\u00f3 en una entrevista con el medio ruso Sputnik.&nbsp;\u00abVamos a retomar con el correcto y verdadero gobierno, que es el de compa\u00f1ero Maduro\u00bb, se\u00f1al\u00f3. Arce insisti\u00f3 en que \u00ablos hermanos venezolanos son como cualquier pa\u00eds sudamericano y nosotros queremos restablecer [&hellip;]<\/p>\n","protected":false},"author":2,"featured_media":179826,"comment_status":"closed","ping_status":"closed","sticky":false,"template":"","format":"standard","meta":{"footnotes":""},"categories":[8],"tags":[],"class_list":{"0":"post-179825","1":"post","2":"type-post","3":"status-publish","4":"format-standard","5":"has-post-thumbnail","7":"category-internacionales"},"_links":{"self":[{"href":"https:\/\/elluchador.info\/index.php?rest_route=\/wp\/v2\/posts\/179825","targetHints":{"allow":["GET"]}}],"collection":[{"href":"https:\/\/elluchador.info\/index.php?rest_route=\/wp\/v2\/posts"}],"about":[{"href":"https:\/\/elluchador.info\/index.php?rest_route=\/wp\/v2\/types\/post"}],"author":[{"embeddable":true,"href":"https:\/\/elluchador.info\/index.php?rest_route=\/wp\/v2\/users\/2"}],"replies":[{"embeddable":true,"href":"https:\/\/elluchador.info\/index.php?rest_route=%2Fwp%2Fv2%2Fcomments&post=179825"}],"version-history":[{"count":1,"href":"https:\/\/elluchador.info\/index.php?rest_route=\/wp\/v2\/posts\/179825\/revisions"}],"predecessor-version":[{"id":179827,"href":"https:\/\/elluchador.info\/index.php?rest_route=\/wp\/v2\/posts\/179825\/revisions\/179827"}],"wp:featuredmedia":[{"embeddable":true,"href":"https:\/\/elluchador.info\/index.php?rest_route=\/wp\/v2\/media\/179826"}],"wp:attachment":[{"href":"https:\/\/elluchador.info\/index.php?rest_route=%2Fwp%2Fv2%2Fmedia&parent=179825"}],"wp:term":[{"taxonomy":"category","embeddable":true,"href":"https:\/\/elluchador.info\/index.php?rest_route=%2Fwp%2Fv2%2Fcategories&post=179825"},{"taxonomy":"post_tag","embeddable":true,"href":"https:\/\/elluchador.info\/index.php?rest_route=%2Fwp%2Fv2%2Ftags&post=179825"}],"curies":[{"name":"wp","href":"https:\/\/api.w.org\/{rel}","templated":true}]}}