{"id":179865,"date":"2020-10-26T17:15:28","date_gmt":"2020-10-26T21:15:28","guid":{"rendered":"https:\/\/elluchador.info\/web\/?p=179865"},"modified":"2020-10-26T17:11:38","modified_gmt":"2020-10-26T21:11:38","slug":"arreaza-llama-a-respetar-la-diversidad-para-lograr-la-igualdad","status":"publish","type":"post","link":"https:\/\/elluchador.info\/?p=179865","title":{"rendered":"Arreaza llama a respetar la diversidad para lograr la igualdad"},"content":{"rendered":"\n<p>Durante el encuentro, el ministro asegur\u00f3 que las pol\u00edticas econ\u00f3micas utilizadas por el mundo post-pandemia tienen que\u00a0proteger los derechos sociales, garantizando el desarrollo b\u00e1sico tanto individual y global, como la salud, la educaci\u00f3n y la alimentaci\u00f3n.\u00a0\u00a0<\/p>\n\n\n\n<p>El canciller,\u00a0Jorge Arreaza,\u00a0destac\u00f3 la propuesta del Movimiento de Pa\u00edses No Alineados para tratar los efectos de la pandemia en la econom\u00eda post-COVID-19\u00a0en el 38\u00ba\u00a0periodo de sesiones de la Comisi\u00f3n Econ\u00f3mica para Am\u00e9rica Latina y El Caribe (Cepal).<\/p>\n\n\n\n<p>Aleg\u00f3 que reconstruir con igualdad y sostenibilidad es el camino para la regi\u00f3n. Esto requerir\u00e1 de un pacto social para garantizar que estos objetivos se conviertan en pol\u00edtica de Estado, sostuvo que se \u201cdebe alzar la voz contra las medidas coercitivas y unilaterales con planes que le permitan a los pueblos enfrentar tales situaciones de bloqueo\u201d.<\/p>\n\n\n\n<p>De igual forma reafirm\u00f3 la iniciativa del Gobierno de\u00a0crear un fondo para que a los pa\u00edses sancionados \u00abse les garantice su sustento por lo menos al momento de comprar medicamentos y alimentos, al igual que crear un fondo humanitario internacional para financiar los objetivos de desarrollo sostenido\u00bb.<\/p>\n\n\n\n<p>Union.Radio.net<\/p>\n","protected":false},"excerpt":{"rendered":"<p>Durante el encuentro, el ministro asegur\u00f3 que las pol\u00edticas econ\u00f3micas utilizadas por el mundo post-pandemia tienen que\u00a0proteger los derechos sociales, garantizando el desarrollo b\u00e1sico tanto individual y global, como la salud, la educaci\u00f3n y la alimentaci\u00f3n.\u00a0\u00a0 El canciller,\u00a0Jorge Arreaza,\u00a0destac\u00f3 la propuesta del Movimiento de Pa\u00edses No Alineados para tratar los efectos de la pandemia en [&hellip;]<\/p>\n","protected":false},"author":2,"featured_media":169545,"comment_status":"closed","ping_status":"closed","sticky":false,"template":"","format":"standard","meta":{"footnotes":""},"categories":[5,11],"tags":[],"class_list":{"0":"post-179865","1":"post","2":"type-post","3":"status-publish","4":"format-standard","5":"has-post-thumbnail","7":"category-destacado","8":"category-politica"},"_links":{"self":[{"href":"https:\/\/elluchador.info\/index.php?rest_route=\/wp\/v2\/posts\/179865","targetHints":{"allow":["GET"]}}],"collection":[{"href":"https:\/\/elluchador.info\/index.php?rest_route=\/wp\/v2\/posts"}],"about":[{"href":"https:\/\/elluchador.info\/index.php?rest_route=\/wp\/v2\/types\/post"}],"author":[{"embeddable":true,"href":"https:\/\/elluchador.info\/index.php?rest_route=\/wp\/v2\/users\/2"}],"replies":[{"embeddable":true,"href":"https:\/\/elluchador.info\/index.php?rest_route=%2Fwp%2Fv2%2Fcomments&post=179865"}],"version-history":[{"count":1,"href":"https:\/\/elluchador.info\/index.php?rest_route=\/wp\/v2\/posts\/179865\/revisions"}],"predecessor-version":[{"id":179868,"href":"https:\/\/elluchador.info\/index.php?rest_route=\/wp\/v2\/posts\/179865\/revisions\/179868"}],"wp:featuredmedia":[{"embeddable":true,"href":"https:\/\/elluchador.info\/index.php?rest_route=\/wp\/v2\/media\/169545"}],"wp:attachment":[{"href":"https:\/\/elluchador.info\/index.php?rest_route=%2Fwp%2Fv2%2Fmedia&parent=179865"}],"wp:term":[{"taxonomy":"category","embeddable":true,"href":"https:\/\/elluchador.info\/index.php?rest_route=%2Fwp%2Fv2%2Fcategories&post=179865"},{"taxonomy":"post_tag","embeddable":true,"href":"https:\/\/elluchador.info\/index.php?rest_route=%2Fwp%2Fv2%2Ftags&post=179865"}],"curies":[{"name":"wp","href":"https:\/\/api.w.org\/{rel}","templated":true}]}}