{"id":179936,"date":"2020-10-26T20:32:37","date_gmt":"2020-10-27T00:32:37","guid":{"rendered":"https:\/\/elluchador.info\/web\/?p=179936"},"modified":"2020-10-26T20:32:48","modified_gmt":"2020-10-27T00:32:48","slug":"la-intencion-siempre-ha-estado-cultura-profetica-anhela-regresar-a-venezuela","status":"publish","type":"post","link":"https:\/\/elluchador.info\/?p=179936","title":{"rendered":"\u201cLa intenci\u00f3n siempre ha estado\u201d: Cultura Prof\u00e9tica anhela regresar a Venezuela"},"content":{"rendered":"\n<p>La popular agrupaci\u00f3n puertorrique\u00f1a&nbsp;<em><strong>Cultura Prof\u00e9tica&nbsp;<\/strong><\/em>celebra su doble nominaci\u00f3n al&nbsp;<em>Grammy Latino 2020,&nbsp;<\/em>y en&nbsp;<em><strong>El Farandi&nbsp;<\/strong><\/em>buscamos conocer de cerca sus impresiones acerca de esta noticia que no solo a su pa\u00eds, sino a su fanaticada en Venezuela tambi\u00e9n la hizo brincar de emoci\u00f3n.<\/p>\n\n\n\n<p>\u201cYo lo siento como un cheque posdatado de hace muchos a\u00f1os, siento que estas nominaciones debieron haber venido para \u2018La dulzura\u2019; pero no nos sentimos victimizados por no haber sido considerados antes, pero s\u00ed entendemos que el trabajo que hemos logrado, a los lugares que llegamos, la misma industria sabe y se pregunta \u2018\u00bfc\u00f3mo lo han logrado?\u2019, siento personas independientes. Pero, s\u00ed, cuando lleg\u00f3 la noticia pues nos tom\u00f3 desprevenidos y todav\u00eda estamos como \u2018\u00a1ok, wao!\u2019, es un sentimiento mixto, pero lo m\u00e1s que domina el sentimiento es la alegr\u00eda y el agradecimiento\u201d.<\/p>\n\n\n\n<p>En el mismo orden de ideas, Willy coment\u00f3 que es un poco cuesta arriba hacer carrera en esta industria siendo totalmente independientes y aunque esto se reconozca con tan solo unas nominaciones lo consideran como un \u201cgran logro\u201d.<\/p>\n\n\n\n<p>Bajo su propio sello discogr\u00e1fico, la banda recibi\u00f3 nominaci\u00f3n en las categor\u00edas\u00a0<em>Mejor \u00c1lbum de M\u00fasica Alternativa<\/em>, por su m\u00e1s reciente producci\u00f3n musical<em>\u00a0\u201cSobrevolando\u201d,<\/em>\u00a0y\u00a0<em>Mejor Canci\u00f3n Alternativa<\/em>\u00a0por el tema<em>\u00a0\u201cCaracoles\u201d<\/em>, incluida en esta misma grabaci\u00f3n.<\/p>\n\n\n\n<p>Asimismo, hablaron de por qu\u00e9 tardaron una d\u00e9cada entera en volver a sacar un disco, luego del \u00e9xito de&nbsp;<em>\u2018La dulzura\u2019,&nbsp;<\/em>comentando que sus vidas cambiaron luego de que se convirtieran en padres; no obstante, esto no ha sido impedimento para seguir trabajando como banda, en busca de generar buen contenido para el p\u00fablico.<\/p>\n\n\n\n<p>La receptividad por parte del p\u00fablico venezolano es bastante evidente; por lo que no se perdi\u00f3 la oportunidad de hacer preguntas en referencia a su regreso. \u201cHa sido muy dif\u00edcil mantenernos lejos; inclusive tener que rechazar ofertas de mucho dinero, como en ning\u00fan otro pa\u00eds, por no estar de acuerdo con la procedencia del dinero; ha sido duro, no solo para nosotros como banda, sino por la gente. Realmente vivimos unas experiencias especiales, realmente fue algo tan solido, tan abrazador que nos sentimos parte del pa\u00eds\u201d.<\/p>\n\n\n\n<p>\u201cDejar de ir ha sido un hoyo, siempre lo hablamos; pero ese sentimiento que nosotros tenemos no es m\u00e1s importante que el sentimiento de querer verlos bien como pa\u00eds y por eso siempre seguimos poniendo la energ\u00eda en que ustedes est\u00e9n bien y pues cuando sea que podamos ir, ir\u201d.<\/p>\n\n\n\n<p>Tambi\u00e9n comentaron que estuvieron buscando las maneras para gestionar un \u201cregalo para el pueblo\u201d; pero es muy dif\u00edcil al no contar con una estructura s\u00f3lida y grande, \u201cpero la intenci\u00f3n siempre ha estado\u201d<\/p>\n\n\n\n<p>Vale acotar que, Cultura Prof\u00e9tica contin\u00faa trabajando arduamente en varios videos, colaboraciones art\u00edsticas, un canal de YouTube y hasta un documental.<\/p>\n\n\n\n<p>La ceremonia de la entrega de los Grammy Latino 2020 se llevar\u00e1 a cabo el 19 de noviembre; ser\u00e1 transmitida por la cadena Univisi\u00f3n a partir de las 8:00 de la noche.<\/p>\n\n\n\n<p class=\"has-vivid-red-color has-text-color\"><strong>Elfarandi<\/strong><\/p>\n","protected":false},"excerpt":{"rendered":"<p>La popular agrupaci\u00f3n puertorrique\u00f1a&nbsp;Cultura Prof\u00e9tica&nbsp;celebra su doble nominaci\u00f3n al&nbsp;Grammy Latino 2020,&nbsp;y en&nbsp;El Farandi&nbsp;buscamos conocer de cerca sus impresiones acerca de esta noticia que no solo a su pa\u00eds, sino a su fanaticada en Venezuela tambi\u00e9n la hizo brincar de emoci\u00f3n. \u201cYo lo siento como un cheque posdatado de hace muchos a\u00f1os, siento que estas nominaciones [&hellip;]<\/p>\n","protected":false},"author":19,"featured_media":179937,"comment_status":"closed","ping_status":"closed","sticky":false,"template":"","format":"standard","meta":{"footnotes":""},"categories":[7],"tags":[],"class_list":{"0":"post-179936","1":"post","2":"type-post","3":"status-publish","4":"format-standard","5":"has-post-thumbnail","7":"category-entretenimiento"},"_links":{"self":[{"href":"https:\/\/elluchador.info\/index.php?rest_route=\/wp\/v2\/posts\/179936","targetHints":{"allow":["GET"]}}],"collection":[{"href":"https:\/\/elluchador.info\/index.php?rest_route=\/wp\/v2\/posts"}],"about":[{"href":"https:\/\/elluchador.info\/index.php?rest_route=\/wp\/v2\/types\/post"}],"author":[{"embeddable":true,"href":"https:\/\/elluchador.info\/index.php?rest_route=\/wp\/v2\/users\/19"}],"replies":[{"embeddable":true,"href":"https:\/\/elluchador.info\/index.php?rest_route=%2Fwp%2Fv2%2Fcomments&post=179936"}],"version-history":[{"count":1,"href":"https:\/\/elluchador.info\/index.php?rest_route=\/wp\/v2\/posts\/179936\/revisions"}],"predecessor-version":[{"id":179938,"href":"https:\/\/elluchador.info\/index.php?rest_route=\/wp\/v2\/posts\/179936\/revisions\/179938"}],"wp:featuredmedia":[{"embeddable":true,"href":"https:\/\/elluchador.info\/index.php?rest_route=\/wp\/v2\/media\/179937"}],"wp:attachment":[{"href":"https:\/\/elluchador.info\/index.php?rest_route=%2Fwp%2Fv2%2Fmedia&parent=179936"}],"wp:term":[{"taxonomy":"category","embeddable":true,"href":"https:\/\/elluchador.info\/index.php?rest_route=%2Fwp%2Fv2%2Fcategories&post=179936"},{"taxonomy":"post_tag","embeddable":true,"href":"https:\/\/elluchador.info\/index.php?rest_route=%2Fwp%2Fv2%2Ftags&post=179936"}],"curies":[{"name":"wp","href":"https:\/\/api.w.org\/{rel}","templated":true}]}}