{"id":179944,"date":"2020-10-26T21:04:34","date_gmt":"2020-10-27T01:04:34","guid":{"rendered":"https:\/\/elluchador.info\/web\/?p=179944"},"modified":"2020-10-26T21:04:44","modified_gmt":"2020-10-27T01:04:44","slug":"totalmente-yo-y-a-mucha-honra-thalia-se-comparo-con-maria-eduarda-la-nina-a-la-que-le-soplaron-la-vela","status":"publish","type":"post","link":"https:\/\/elluchador.info\/?p=179944","title":{"rendered":"\u201cTotalmente yo, y a mucha honra\u201d: Thal\u00eda se compar\u00f3 con Mar\u00eda Eduarda, la ni\u00f1a a la que le soplaron la vela"},"content":{"rendered":"\n<p><strong>La cantante mexicana disfrut\u00f3 del material audiovisual y opin\u00f3 sobre el mismo<\/strong><\/p>\n\n\n\n<p>A trav\u00e9s de la plataforma 2.0 se viraliz\u00f3 el material audiovisual en el que aparecen dos ni\u00f1as peleando, luego de que una le apagara la vela de cumplea\u00f1os a su hermana y muchos hablaron de ello; tal es caso de&nbsp;<strong>Thal\u00eda,&nbsp;<\/strong>la cantante mexicana se sinti\u00f3 totalmente identificada con ellas.<\/p>\n\n\n\n<p>La int\u00e9rprete, sin duda, disfrut\u00f3 de este video, y escribi\u00f3: \u201c<em>Totalmente yo. Y a mucha honra\u201d.<\/em>&nbsp;En el fragmento del video, cuando la festejada arremete en contra de su hermana, Thal\u00eda agreg\u00f3:&nbsp;<em>\u201cLe sali\u00f3 la del Barrio\u201d, haciendo menci\u00f3n a su personaje en \u2018Mar\u00eda la del Barrio\u2019.<\/em><\/p>\n\n\n\n<p>No conforme con todo esto, la artista poste\u00f3 unas im\u00e1genes del mismo video, pero ahora en vez de las caras reales de las ni\u00f1as, puso su cara y la de<strong>\u00a0Itat\u00ed Cantora<\/strong>l, quien fuera la villana de esa exitosa telenovela.<\/p>\n\n\n\n<p class=\"has-vivid-red-color has-text-color\">Elfarandi<\/p>\n","protected":false},"excerpt":{"rendered":"<p>La cantante mexicana disfrut\u00f3 del material audiovisual y opin\u00f3 sobre el mismo A trav\u00e9s de la plataforma 2.0 se viraliz\u00f3 el material audiovisual en el que aparecen dos ni\u00f1as peleando, luego de que una le apagara la vela de cumplea\u00f1os a su hermana y muchos hablaron de ello; tal es caso de&nbsp;Thal\u00eda,&nbsp;la cantante mexicana se [&hellip;]<\/p>\n","protected":false},"author":19,"featured_media":179946,"comment_status":"closed","ping_status":"closed","sticky":false,"template":"","format":"standard","meta":{"footnotes":""},"categories":[7],"tags":[],"class_list":{"0":"post-179944","1":"post","2":"type-post","3":"status-publish","4":"format-standard","5":"has-post-thumbnail","7":"category-entretenimiento"},"_links":{"self":[{"href":"https:\/\/elluchador.info\/index.php?rest_route=\/wp\/v2\/posts\/179944","targetHints":{"allow":["GET"]}}],"collection":[{"href":"https:\/\/elluchador.info\/index.php?rest_route=\/wp\/v2\/posts"}],"about":[{"href":"https:\/\/elluchador.info\/index.php?rest_route=\/wp\/v2\/types\/post"}],"author":[{"embeddable":true,"href":"https:\/\/elluchador.info\/index.php?rest_route=\/wp\/v2\/users\/19"}],"replies":[{"embeddable":true,"href":"https:\/\/elluchador.info\/index.php?rest_route=%2Fwp%2Fv2%2Fcomments&post=179944"}],"version-history":[{"count":1,"href":"https:\/\/elluchador.info\/index.php?rest_route=\/wp\/v2\/posts\/179944\/revisions"}],"predecessor-version":[{"id":179947,"href":"https:\/\/elluchador.info\/index.php?rest_route=\/wp\/v2\/posts\/179944\/revisions\/179947"}],"wp:featuredmedia":[{"embeddable":true,"href":"https:\/\/elluchador.info\/index.php?rest_route=\/wp\/v2\/media\/179946"}],"wp:attachment":[{"href":"https:\/\/elluchador.info\/index.php?rest_route=%2Fwp%2Fv2%2Fmedia&parent=179944"}],"wp:term":[{"taxonomy":"category","embeddable":true,"href":"https:\/\/elluchador.info\/index.php?rest_route=%2Fwp%2Fv2%2Fcategories&post=179944"},{"taxonomy":"post_tag","embeddable":true,"href":"https:\/\/elluchador.info\/index.php?rest_route=%2Fwp%2Fv2%2Ftags&post=179944"}],"curies":[{"name":"wp","href":"https:\/\/api.w.org\/{rel}","templated":true}]}}