{"id":179951,"date":"2020-10-26T21:34:53","date_gmt":"2020-10-27T01:34:53","guid":{"rendered":"https:\/\/elluchador.info\/web\/?p=179951"},"modified":"2020-10-26T21:34:57","modified_gmt":"2020-10-27T01:34:57","slug":"con-gira-internacional-incluida-mana-prepara-el-lanzamiento-de-dos-nuevos-discos-para-el-2022","status":"publish","type":"post","link":"https:\/\/elluchador.info\/?p=179951","title":{"rendered":"\u00a1Con gira internacional incluida! Man\u00e1 prepara el lanzamiento de dos nuevos discos para el 2022"},"content":{"rendered":"\n<p>Con el trabajo de a\u00f1os,&nbsp;<strong>Man\u00e1&nbsp;<\/strong>ha logrado consolidarse por una de las bandas m\u00e1s seguidas de Latinoam\u00e9rica y m\u00e1s; ahora despu\u00e9s de un buen tiempo sin deleitar al p\u00fablico con nueva m\u00fasica, anuncian el lanzamiento de dos discos.<\/p>\n\n\n\n<p><strong>Fher Olvera<\/strong>, l\u00edder de la banda pop lanzar\u00e1 a principios del a\u00f1o pr\u00f3ximo un disco de duetos:<em>&nbsp;\u201cEstamos trabajando en un disco de duetos que estar\u00e1 saliendo a principios del a\u00f1o que entra; viene con canciones antiguas de nuestro cat\u00e1logo con duetos y amigos invitados\u201d<\/em>, sin revelar con qui\u00e9nes interpretar\u00e1n sus m\u00e1s grandes \u00e9xitos.<\/p>\n\n\n\n<p>Por su parte, el baterista\u00a0<strong>Alex Gonz\u00e1lez<\/strong>\u00a0habl\u00f3 de un disco in\u00e9dito para finales del 2022:\u00a0<em>\u201cTambi\u00e9n estamos pensando en sacar un \u00e1lbum con canciones in\u00e9ditas de Man\u00e1 a fines del 2022, el cual ser\u00e1 el pretexto perfecto para arrancar una gira mundial. Ya queremos volver a pisar los escenarios y estar con nuestro p\u00fablico\u201d.<\/em><\/p>\n\n\n\n<p class=\"has-vivid-red-color has-text-color\"><strong>Elfarandi<\/strong><\/p>\n","protected":false},"excerpt":{"rendered":"<p>Con el trabajo de a\u00f1os,&nbsp;Man\u00e1&nbsp;ha logrado consolidarse por una de las bandas m\u00e1s seguidas de Latinoam\u00e9rica y m\u00e1s; ahora despu\u00e9s de un buen tiempo sin deleitar al p\u00fablico con nueva m\u00fasica, anuncian el lanzamiento de dos discos. Fher Olvera, l\u00edder de la banda pop lanzar\u00e1 a principios del a\u00f1o pr\u00f3ximo un disco de duetos:&nbsp;\u201cEstamos trabajando [&hellip;]<\/p>\n","protected":false},"author":19,"featured_media":179952,"comment_status":"closed","ping_status":"closed","sticky":false,"template":"","format":"standard","meta":{"footnotes":""},"categories":[7],"tags":[],"class_list":{"0":"post-179951","1":"post","2":"type-post","3":"status-publish","4":"format-standard","5":"has-post-thumbnail","7":"category-entretenimiento"},"_links":{"self":[{"href":"https:\/\/elluchador.info\/index.php?rest_route=\/wp\/v2\/posts\/179951","targetHints":{"allow":["GET"]}}],"collection":[{"href":"https:\/\/elluchador.info\/index.php?rest_route=\/wp\/v2\/posts"}],"about":[{"href":"https:\/\/elluchador.info\/index.php?rest_route=\/wp\/v2\/types\/post"}],"author":[{"embeddable":true,"href":"https:\/\/elluchador.info\/index.php?rest_route=\/wp\/v2\/users\/19"}],"replies":[{"embeddable":true,"href":"https:\/\/elluchador.info\/index.php?rest_route=%2Fwp%2Fv2%2Fcomments&post=179951"}],"version-history":[{"count":1,"href":"https:\/\/elluchador.info\/index.php?rest_route=\/wp\/v2\/posts\/179951\/revisions"}],"predecessor-version":[{"id":179953,"href":"https:\/\/elluchador.info\/index.php?rest_route=\/wp\/v2\/posts\/179951\/revisions\/179953"}],"wp:featuredmedia":[{"embeddable":true,"href":"https:\/\/elluchador.info\/index.php?rest_route=\/wp\/v2\/media\/179952"}],"wp:attachment":[{"href":"https:\/\/elluchador.info\/index.php?rest_route=%2Fwp%2Fv2%2Fmedia&parent=179951"}],"wp:term":[{"taxonomy":"category","embeddable":true,"href":"https:\/\/elluchador.info\/index.php?rest_route=%2Fwp%2Fv2%2Fcategories&post=179951"},{"taxonomy":"post_tag","embeddable":true,"href":"https:\/\/elluchador.info\/index.php?rest_route=%2Fwp%2Fv2%2Ftags&post=179951"}],"curies":[{"name":"wp","href":"https:\/\/api.w.org\/{rel}","templated":true}]}}