{"id":179961,"date":"2020-10-26T22:20:04","date_gmt":"2020-10-27T02:20:04","guid":{"rendered":"https:\/\/elluchador.info\/web\/?p=179961"},"modified":"2020-10-26T21:54:56","modified_gmt":"2020-10-27T01:54:56","slug":"hospitalizados-en-portugal-podrian-aumentar-en-80","status":"publish","type":"post","link":"https:\/\/elluchador.info\/?p=179961","title":{"rendered":"Hospitalizados en Portugal podr\u00edan aumentar en 80 %"},"content":{"rendered":"\n<p>Portugal prev\u00e9 que el n\u00famero de pacientes hospitalizados por coronavirus<strong>\u00a0aumente m\u00e1s de 80 % de aqu\u00ed a la pr\u00f3xima semana, hasta superar los 3.000 ingresos el d\u00eda 4 de noviembre<\/strong>, avanz\u00f3 la ministra portuguesa de Salud, Marta Temido.<\/p>\n\n\n\n<p>En rueda de prensa en Lisboa, Temido hizo un balance sobre la situaci\u00f3n del sistema sanitario p\u00fablico y las previsiones sobre el nivel de hospitalizaciones por covid-19, seg\u00fan los c\u00e1lculos del Instituto Ricardo Jorge.<\/p>\n\n\n\n<blockquote class=\"wp-block-quote is-layout-flow wp-block-quote-is-layout-flow\"><p>\u00abA pesar de que los portugueses est\u00e1n preparados para responder a la pandemia, la situaci\u00f3n es compleja y grave\u00bb, alert\u00f3 Temido, que detall\u00f3 que se prev\u00e9 que el 4 de noviembre se superen los 3.000 hospitalizados, con 2.634 ingresados en unidades b\u00e1sicas y 444 en cuidados intensivos.<\/p><\/blockquote>\n\n\n\n<p>Actualmente hay un total de 1.672 ingresados en los hospitales, 240 en UCIs.<\/p>\n\n\n\n<p>El n\u00famero de hospitalizados totales actual ya es el m\u00e1s alto de toda la pandemia y se espera que los ingresos en cuidados intensivos superen tambi\u00e9n esta semana el m\u00e1ximo que registraron durante la primera ola (271 pacientes).<\/p>\n\n\n\n<p>Portugal suma 121.133 casos confirmados y 2.343 v\u00edctimas mortales desde que empez\u00f3 la pandemia.<\/p>\n\n\n\n<p>En las \u00faltimas 24 horas registr\u00f3 2.447 contagios -el s\u00e1bado bati\u00f3 un r\u00e9cord con 3.669 infecciones- y 27 fallecimientos.<\/p>\n\n\n\n<p>En el norte, se mantienen limitaciones similares al confinamiento en los concejos de Felguerias, Lousada y Pa\u00e7os de Ferreira, con un total de 113.000 habitantes.<\/p>\n\n\n\n<p>Adem\u00e1s, el Parlamento aprob\u00f3 la semana pasada el uso obligatorio de mascarilla en la v\u00eda p\u00fablica, medida que fue promulgada este lunes por el presidente, Marcelo Rebelo de Sousa.<\/p>\n\n\n\n<p>EFE<\/p>\n","protected":false},"excerpt":{"rendered":"<p>Portugal prev\u00e9 que el n\u00famero de pacientes hospitalizados por coronavirus\u00a0aumente m\u00e1s de 80 % de aqu\u00ed a la pr\u00f3xima semana, hasta superar los 3.000 ingresos el d\u00eda 4 de noviembre, avanz\u00f3 la ministra portuguesa de Salud, Marta Temido. En rueda de prensa en Lisboa, Temido hizo un balance sobre la situaci\u00f3n del sistema sanitario p\u00fablico [&hellip;]<\/p>\n","protected":false},"author":2,"featured_media":179964,"comment_status":"closed","ping_status":"closed","sticky":false,"template":"","format":"standard","meta":{"footnotes":""},"categories":[8],"tags":[],"class_list":{"0":"post-179961","1":"post","2":"type-post","3":"status-publish","4":"format-standard","5":"has-post-thumbnail","7":"category-internacionales"},"_links":{"self":[{"href":"https:\/\/elluchador.info\/index.php?rest_route=\/wp\/v2\/posts\/179961","targetHints":{"allow":["GET"]}}],"collection":[{"href":"https:\/\/elluchador.info\/index.php?rest_route=\/wp\/v2\/posts"}],"about":[{"href":"https:\/\/elluchador.info\/index.php?rest_route=\/wp\/v2\/types\/post"}],"author":[{"embeddable":true,"href":"https:\/\/elluchador.info\/index.php?rest_route=\/wp\/v2\/users\/2"}],"replies":[{"embeddable":true,"href":"https:\/\/elluchador.info\/index.php?rest_route=%2Fwp%2Fv2%2Fcomments&post=179961"}],"version-history":[{"count":1,"href":"https:\/\/elluchador.info\/index.php?rest_route=\/wp\/v2\/posts\/179961\/revisions"}],"predecessor-version":[{"id":179965,"href":"https:\/\/elluchador.info\/index.php?rest_route=\/wp\/v2\/posts\/179961\/revisions\/179965"}],"wp:featuredmedia":[{"embeddable":true,"href":"https:\/\/elluchador.info\/index.php?rest_route=\/wp\/v2\/media\/179964"}],"wp:attachment":[{"href":"https:\/\/elluchador.info\/index.php?rest_route=%2Fwp%2Fv2%2Fmedia&parent=179961"}],"wp:term":[{"taxonomy":"category","embeddable":true,"href":"https:\/\/elluchador.info\/index.php?rest_route=%2Fwp%2Fv2%2Fcategories&post=179961"},{"taxonomy":"post_tag","embeddable":true,"href":"https:\/\/elluchador.info\/index.php?rest_route=%2Fwp%2Fv2%2Ftags&post=179961"}],"curies":[{"name":"wp","href":"https:\/\/api.w.org\/{rel}","templated":true}]}}