{"id":179978,"date":"2020-10-26T23:06:32","date_gmt":"2020-10-27T03:06:32","guid":{"rendered":"https:\/\/elluchador.info\/web\/?p=179978"},"modified":"2020-10-26T22:30:31","modified_gmt":"2020-10-27T02:30:31","slug":"ministra-del-comercio-pide-no-relajar-medidas-de-bioseguridad","status":"publish","type":"post","link":"https:\/\/elluchador.info\/?p=179978","title":{"rendered":"Ministra del Comercio pide no relajar medidas de bioseguridad"},"content":{"rendered":"\n<p>La ministra del Comercio, Eneida Laya, hizo un llamado a los ciudadanos a mantener las estrictas medidas de bioseguridad ante la flexibilizaci\u00f3n 7+7 plus implementada por el Ejecutivo esta semana.<\/p>\n\n\n\n<p>Acot\u00f3 que dicha medida continuar\u00e1 dependiendo de como se comporte la curva de contagios por lo que exhort\u00f3 a la poblaci\u00f3n a seguir protegi\u00e9ndose.<\/p>\n\n\n\n<blockquote class=\"wp-block-quote is-layout-flow wp-block-quote-is-layout-flow\"><p>\u00abLe pedimos al pueblo conciencia, le pedimos al pueblo que se cuide\u00bb, enfatiz\u00f3 la ministra, para que se puedan incorporar otros sectores, de lo contrario se volver\u00e1 a la flexibilizaci\u00f3n parcial y controlada.<\/p><p>Laya afirm\u00f3 que la apertura de estos nuevos sectores para esta semana\u00a0<strong>\u00abno significa que ya no hay cuarentena\u00bb.<\/strong><\/p><\/blockquote>\n\n\n\n<p>Pidi\u00f3 a los comercios a mantener los protocolos de bioseguridad para que no sean cerrados por los organismos de seguridad.<\/p>\n\n\n\n<p>Durante una entrevista para el programa Al Aire de VTV, Laya exhort\u00f3 a los funcionarios de seguridad a mantener los comercios abiertos el tiempo permitido por la ordenanza y no cerrarlos antes del horario establecido, a menos de que estos incumplan con las normativas.<\/p>\n\n\n\n<p><strong>Playas<\/strong><\/p>\n\n\n\n<p>La ministra manifest\u00f3 que el sector se encuentra listo para esta apertura, ya que se han venido preparando en conjunto con los gobiernos locales, el ministerio del Trabajo y del Turismo.<\/p>\n\n\n\n<blockquote class=\"wp-block-quote is-layout-flow wp-block-quote-is-layout-flow\"><p>\u00abAyer vimos a nuestro gobernador de la Guaira visitando las playas, los balnearios y pasando revista en funci\u00f3n de que est\u00e9 el protocolo all\u00ed implementado\u00bb.<\/p><\/blockquote>\n\n\n\n<p><strong>Organismos<\/strong><\/p>\n\n\n\n<p>Laya record\u00f3 la importancia de mantener el distanciamiento y la calma para realizar tramites en cualquiera de los entes p\u00fablicos en esta semana de flexibilizaci\u00f3n.<\/p>\n\n\n\n<blockquote class=\"wp-block-quote is-layout-flow wp-block-quote-is-layout-flow\"><p>\u00abEs importante que la gente vaya con calma, haga su cola y mantenga el distanciamiento\u00bb, estos organismos estar\u00e1n disponibles toda esta semana, reiter\u00f3.<\/p><\/blockquote>\n\n\n\n<p>Uni\u00f3n Radio<\/p>\n","protected":false},"excerpt":{"rendered":"<p>La ministra del Comercio, Eneida Laya, hizo un llamado a los ciudadanos a mantener las estrictas medidas de bioseguridad ante la flexibilizaci\u00f3n 7+7 plus implementada por el Ejecutivo esta semana. Acot\u00f3 que dicha medida continuar\u00e1 dependiendo de como se comporte la curva de contagios por lo que exhort\u00f3 a la poblaci\u00f3n a seguir protegi\u00e9ndose. \u00abLe [&hellip;]<\/p>\n","protected":false},"author":2,"featured_media":179979,"comment_status":"closed","ping_status":"closed","sticky":false,"template":"","format":"standard","meta":{"footnotes":""},"categories":[9],"tags":[],"class_list":{"0":"post-179978","1":"post","2":"type-post","3":"status-publish","4":"format-standard","5":"has-post-thumbnail","7":"category-nacionales"},"_links":{"self":[{"href":"https:\/\/elluchador.info\/index.php?rest_route=\/wp\/v2\/posts\/179978","targetHints":{"allow":["GET"]}}],"collection":[{"href":"https:\/\/elluchador.info\/index.php?rest_route=\/wp\/v2\/posts"}],"about":[{"href":"https:\/\/elluchador.info\/index.php?rest_route=\/wp\/v2\/types\/post"}],"author":[{"embeddable":true,"href":"https:\/\/elluchador.info\/index.php?rest_route=\/wp\/v2\/users\/2"}],"replies":[{"embeddable":true,"href":"https:\/\/elluchador.info\/index.php?rest_route=%2Fwp%2Fv2%2Fcomments&post=179978"}],"version-history":[{"count":1,"href":"https:\/\/elluchador.info\/index.php?rest_route=\/wp\/v2\/posts\/179978\/revisions"}],"predecessor-version":[{"id":179980,"href":"https:\/\/elluchador.info\/index.php?rest_route=\/wp\/v2\/posts\/179978\/revisions\/179980"}],"wp:featuredmedia":[{"embeddable":true,"href":"https:\/\/elluchador.info\/index.php?rest_route=\/wp\/v2\/media\/179979"}],"wp:attachment":[{"href":"https:\/\/elluchador.info\/index.php?rest_route=%2Fwp%2Fv2%2Fmedia&parent=179978"}],"wp:term":[{"taxonomy":"category","embeddable":true,"href":"https:\/\/elluchador.info\/index.php?rest_route=%2Fwp%2Fv2%2Fcategories&post=179978"},{"taxonomy":"post_tag","embeddable":true,"href":"https:\/\/elluchador.info\/index.php?rest_route=%2Fwp%2Fv2%2Ftags&post=179978"}],"curies":[{"name":"wp","href":"https:\/\/api.w.org\/{rel}","templated":true}]}}