{"id":179989,"date":"2020-10-27T09:29:37","date_gmt":"2020-10-27T13:29:37","guid":{"rendered":"https:\/\/elluchador.info\/web\/?p=179989"},"modified":"2020-10-27T09:21:04","modified_gmt":"2020-10-27T13:21:04","slug":"inicia-encuesta-en-linea-para-la-reivindicacion-historica-de-los-espacios-publicos","status":"publish","type":"post","link":"https:\/\/elluchador.info\/?p=179989","title":{"rendered":"Inicia encuesta en l\u00ednea para la reivindicaci\u00f3n hist\u00f3rica de los espacios p\u00fablicos"},"content":{"rendered":"\n<p>Esta semana se  dio inicio a una\u00a0encuesta\u00a0breve, en l\u00ednea, f\u00e1cil de llenar y enviar, para que los venezolanos en cualquier lugar del pa\u00eds, puedan dar su opini\u00f3n razonada sobre esta iniciativa nacional de realizar la\u00a0reivindicaci\u00f3n hist\u00f3rica\u00a0de los espacios p\u00fablicos de todo el territorio nacional.<\/p>\n\n\n\n<p>Recordemos que el pasado 12 de octubre el presidente de la Rep\u00fablica Bolivariana de Venezuela,\u00a0Nicol\u00e1s Maduro, anunci\u00f3 la reivindicaci\u00f3n hist\u00f3rica de los espacios p\u00fablicos de todo el territorio nacional, por lo que solicit\u00f3 \u201ciniciar de manera progresiva, graduada y disciplinada, un proceso para descolonizar y reivindicar todos los espacios p\u00fablicos que llevan nombres de colonizadores, de conquistadores y de genocidas\u201d.<\/p>\n\n\n\n<p>Se detall\u00f3 que la encuesta est\u00e1 acorde con los&nbsp;procesos internacionales, donde los pueblos, una vez conocido el inmenso da\u00f1o que hicieron las invasiones, conquistas y colonizaciones a sus pa\u00edses, a su desarrollo nacional, a su cultura y a la mentalidad de las personas, ahora reclaman que debe constituirse una identidad nacional y gran nacional desvinculada de esas imposiciones.<\/p>\n\n\n\n<p>A partir de la propuesta del cambio de nombre de la&nbsp;autopista Caricuao-Petare, a Cacique Guaicaipuro, solicitud que se ven\u00eda desarrollando desde 2011 por el presidente del Centro de Saberes Africanos, Americanos y Caribe\u00f1o, el profesor Reinaldo Bol\u00edvar, quien se\u00f1al\u00f3 que esta iniciativa tiene como objetivo la descolonizaci\u00f3n de la memoria hist\u00f3rica del pa\u00eds.<\/p>\n\n\n\n<p>El Presidente del&nbsp;&nbsp;Centro de Saberes Africanos, Americanos y Caribe\u00f1os, instituci\u00f3n que desde su fundaci\u00f3n en 2011 desarrolla l\u00edneas vivas de investigaci\u00f3n sobre la descolonizaci\u00f3n, las reparaciones y el antiimperialismo, ha anunciado que se lanza hoy una encuesta breve, en l\u00ednea, f\u00e1cil de llenar y enviar.<\/p>\n\n\n\n<p>Asimismo, detall\u00f3 que \u201ccon el debido respeto por las generaciones actuales cualquiera sea su nacionalidad, se debe tienen el derecho de decidir sobre su identidad en todos los planos, y de conocer la historia en cada dimensi\u00f3n, protagonistas y acontecimientos, para as\u00ed afianzar positivamente&nbsp; los valores culturales y patrios\u201d.<\/p>\n\n\n\n<p>\u201cSolo el conocimiento y valoraci\u00f3n nacional, va a estimular en cada generaci\u00f3n la lucha y trabajo por una Patria Buena\u201d indic\u00f3.<\/p>\n\n\n\n<p>De igual forma, el tambi\u00e9n internacionalista Reinaldo Bol\u00edvar, invita a los medios de comunicaci\u00f3n p\u00fablicos y privados, a las escuelas, liceos y universidades a sumarse a la difusi\u00f3n de esta encuesta, a fin de que llegue a todos los rincones de la Patria, para que a fin de a\u00f1o, tengamos resultados que puedan orientar la toma de decisi\u00f3n material sobre esta propuesta de descolonizaci\u00f3n de los espacios p\u00fablicos de las poblaciones venezolanas.<\/p>\n\n\n\n<p><strong>YVKEMundial<\/strong><\/p>\n","protected":false},"excerpt":{"rendered":"<p>Esta semana se dio inicio a una\u00a0encuesta\u00a0breve, en l\u00ednea, f\u00e1cil de llenar y enviar, para que los venezolanos en cualquier lugar del pa\u00eds, puedan dar su opini\u00f3n razonada sobre esta iniciativa nacional de realizar la\u00a0reivindicaci\u00f3n hist\u00f3rica\u00a0de los espacios p\u00fablicos de todo el territorio nacional. Recordemos que el pasado 12 de octubre el presidente de la [&hellip;]<\/p>\n","protected":false},"author":2,"featured_media":179990,"comment_status":"closed","ping_status":"closed","sticky":false,"template":"","format":"standard","meta":{"footnotes":""},"categories":[9],"tags":[],"class_list":{"0":"post-179989","1":"post","2":"type-post","3":"status-publish","4":"format-standard","5":"has-post-thumbnail","7":"category-nacionales"},"_links":{"self":[{"href":"https:\/\/elluchador.info\/index.php?rest_route=\/wp\/v2\/posts\/179989","targetHints":{"allow":["GET"]}}],"collection":[{"href":"https:\/\/elluchador.info\/index.php?rest_route=\/wp\/v2\/posts"}],"about":[{"href":"https:\/\/elluchador.info\/index.php?rest_route=\/wp\/v2\/types\/post"}],"author":[{"embeddable":true,"href":"https:\/\/elluchador.info\/index.php?rest_route=\/wp\/v2\/users\/2"}],"replies":[{"embeddable":true,"href":"https:\/\/elluchador.info\/index.php?rest_route=%2Fwp%2Fv2%2Fcomments&post=179989"}],"version-history":[{"count":1,"href":"https:\/\/elluchador.info\/index.php?rest_route=\/wp\/v2\/posts\/179989\/revisions"}],"predecessor-version":[{"id":179991,"href":"https:\/\/elluchador.info\/index.php?rest_route=\/wp\/v2\/posts\/179989\/revisions\/179991"}],"wp:featuredmedia":[{"embeddable":true,"href":"https:\/\/elluchador.info\/index.php?rest_route=\/wp\/v2\/media\/179990"}],"wp:attachment":[{"href":"https:\/\/elluchador.info\/index.php?rest_route=%2Fwp%2Fv2%2Fmedia&parent=179989"}],"wp:term":[{"taxonomy":"category","embeddable":true,"href":"https:\/\/elluchador.info\/index.php?rest_route=%2Fwp%2Fv2%2Fcategories&post=179989"},{"taxonomy":"post_tag","embeddable":true,"href":"https:\/\/elluchador.info\/index.php?rest_route=%2Fwp%2Fv2%2Ftags&post=179989"}],"curies":[{"name":"wp","href":"https:\/\/api.w.org\/{rel}","templated":true}]}}