{"id":179993,"date":"2020-10-27T09:36:26","date_gmt":"2020-10-27T13:36:26","guid":{"rendered":"https:\/\/elluchador.info\/web\/?p=179993"},"modified":"2020-10-27T09:30:16","modified_gmt":"2020-10-27T13:30:16","slug":"venezuela-hizo-un-llamado-ante-la-cepal-a-respetar-la-diversidad","status":"publish","type":"post","link":"https:\/\/elluchador.info\/?p=179993","title":{"rendered":"Venezuela hizo un llamado ante la Cepal a respetar la diversidad"},"content":{"rendered":"\n<p>\u201cDesde Venezuela se hace un llamado a todas las naciones a<strong> <\/strong>respetar la diversidad y con inteligencia apostar a la solidaridad y la cooperaci\u00f3n, es momento de que los Estados asuman la ideolog\u00eda de integraci\u00f3n para as\u00ed poder compartir los logros entre las naciones\u201d, as\u00ed lo afirm\u00f3 el ministro del Poder Popular para Relaciones Exteriores,<strong> <\/strong>Jorge Arreaza,\u00a0durante su intervenci\u00f3n en el trig\u00e9simo octavo per\u00edodo de sesiones de la Comisi\u00f3n Econ\u00f3mica para Am\u00e9rica Latina y el Caribe (Cepal), que se realiz\u00f3 de manera virtual, en la que se entrega la presidencia pro tempore a Costa Rica.<\/p>\n\n\n\n<p>El Canciller venezolano se\u00f1al\u00f3 que se debe pensar en un cambio profundo del modelo econ\u00f3mico que se lleva a cabo a nivel mundial; detall\u00f3 que se debe realizar un cambio al modelo econ\u00f3mico el cual fue impuesto durante el siglo XX, ya que afecta de una u otra manera en el crecimiento y el desarrollo \u00a0de los pueblos. Indic\u00f3 que la idea es crear un modelo estructural econ\u00f3mico que nos permita avanzar en la mayor \u201csuma de felicidad posible y estabilidad pol\u00edtica\u2026\u201d, como lo dijo Sim\u00f3n Bol\u00edvar.<\/p>\n\n\n\n<p>En este sentido, destac\u00f3 la propuesta del<strong> <\/strong>Movimiento de Pa\u00edses No Alineado<strong>s<\/strong> para tratar los efectos de la pandemia en la econom\u00eda Post-COVID-19\u00a0en una sesi\u00f3n de la Asamblea General de Naciones Unidas, por lo que sostuvo que en este momento se tiene que hacer un llamado a la conciencia y la voluntad pol\u00edtica de los Estados para poder tomar decisiones estructurales las cuales favorezcan al mundo entero.<\/p>\n\n\n\n<p>Durante el encuentro, el Ministro asegur\u00f3 que las<strong> <\/strong>pol\u00edticas econ\u00f3micas utilizadas por el mundo post-pandemia tienen que proteger los derechos sociales, garantizando el desarrollo b\u00e1sico tanto individual y global de cada uno de los pueblos, como la salud, la educaci\u00f3n y la alimentaci\u00f3n.\u00a0<\/p>\n\n\n\n<p>A\u00f1adi\u00f3 que el Gobierno m\u00e1s perfecto es aquel que le genere a su pueblo la mayor suma de estabilidad social y pol\u00edtica, es por ello que \u201cconsiderando que la pandemia ha tenido much\u00edsimas secuelas, dejo en evidencia las fallas del sistema (\u2026) Tenemos que pensar en un cambio profundo del modelo econ\u00f3mico que se nos impuso en el siglo XX, a fin de satisfacer las necesidades de los pueblos\u201d.<\/p>\n\n\n\n<p>Aleg\u00f3 que reconstruir con igualdad y sostenibilidad es el camino para la regi\u00f3n. <strong>E<\/strong>sto requerir\u00e1 de un pacto social para garantizar que estos objetivos se conviertan en pol\u00edtica de Estado, sostuvo que se \u201cdebe alzar la voz contra las medidas coercitivas y unilaterales con planes que le permitan a los pueblos enfrentar tales situaciones de bloqueo\u201d.<\/p>\n\n\n\n<p>De igual forma reafirm\u00f3 la iniciativa del Gobierno venezolano de crear un fondo para que a los pa\u00edses v\u00edctimas de las medidas unilaterales se les garantice su sustento por lo menos al momento de comprar medicamentos y alimentos, al igual que crear un fondo humanitario internacional para financiar los objetivos de desarrollo sostenido.<\/p>\n\n\n\n<p>Explic\u00f3 que ante las agresiones de las medidas coercitivas unilaterales, Venezuela<strong> <\/strong>sigue construyendo viviendas dignas y entregando a m\u00e1s de 7 millones de familias su beneficio de alimentos a trav\u00e9s de los Comit\u00e9s Locales de Abastecimiento y Producci\u00f3n (CLAP), lo cual permite garantizar la protecci\u00f3n del pueblo ante dichas circunstancias.<\/p>\n\n\n\n<p><strong>VTVNoticias<\/strong><\/p>\n","protected":false},"excerpt":{"rendered":"<p>\u201cDesde Venezuela se hace un llamado a todas las naciones a respetar la diversidad y con inteligencia apostar a la solidaridad y la cooperaci\u00f3n, es momento de que los Estados asuman la ideolog\u00eda de integraci\u00f3n para as\u00ed poder compartir los logros entre las naciones\u201d, as\u00ed lo afirm\u00f3 el ministro del Poder Popular para Relaciones Exteriores, [&hellip;]<\/p>\n","protected":false},"author":2,"featured_media":179994,"comment_status":"closed","ping_status":"closed","sticky":false,"template":"","format":"standard","meta":{"footnotes":""},"categories":[9],"tags":[],"class_list":{"0":"post-179993","1":"post","2":"type-post","3":"status-publish","4":"format-standard","5":"has-post-thumbnail","7":"category-nacionales"},"_links":{"self":[{"href":"https:\/\/elluchador.info\/index.php?rest_route=\/wp\/v2\/posts\/179993","targetHints":{"allow":["GET"]}}],"collection":[{"href":"https:\/\/elluchador.info\/index.php?rest_route=\/wp\/v2\/posts"}],"about":[{"href":"https:\/\/elluchador.info\/index.php?rest_route=\/wp\/v2\/types\/post"}],"author":[{"embeddable":true,"href":"https:\/\/elluchador.info\/index.php?rest_route=\/wp\/v2\/users\/2"}],"replies":[{"embeddable":true,"href":"https:\/\/elluchador.info\/index.php?rest_route=%2Fwp%2Fv2%2Fcomments&post=179993"}],"version-history":[{"count":1,"href":"https:\/\/elluchador.info\/index.php?rest_route=\/wp\/v2\/posts\/179993\/revisions"}],"predecessor-version":[{"id":179996,"href":"https:\/\/elluchador.info\/index.php?rest_route=\/wp\/v2\/posts\/179993\/revisions\/179996"}],"wp:featuredmedia":[{"embeddable":true,"href":"https:\/\/elluchador.info\/index.php?rest_route=\/wp\/v2\/media\/179994"}],"wp:attachment":[{"href":"https:\/\/elluchador.info\/index.php?rest_route=%2Fwp%2Fv2%2Fmedia&parent=179993"}],"wp:term":[{"taxonomy":"category","embeddable":true,"href":"https:\/\/elluchador.info\/index.php?rest_route=%2Fwp%2Fv2%2Fcategories&post=179993"},{"taxonomy":"post_tag","embeddable":true,"href":"https:\/\/elluchador.info\/index.php?rest_route=%2Fwp%2Fv2%2Ftags&post=179993"}],"curies":[{"name":"wp","href":"https:\/\/api.w.org\/{rel}","templated":true}]}}