{"id":180004,"date":"2020-10-27T09:55:49","date_gmt":"2020-10-27T13:55:49","guid":{"rendered":"https:\/\/elluchador.info\/web\/?p=180004"},"modified":"2020-10-27T09:52:26","modified_gmt":"2020-10-27T13:52:26","slug":"roniel-farias-leopoldo-lopez-no-descansara-hasta-recuperar-la-democracia","status":"publish","type":"post","link":"https:\/\/elluchador.info\/?p=180004","title":{"rendered":"Roniel Far\u00edas: \u201cLeopoldo L\u00f3pez no descansar\u00e1 hasta recuperar la democracia\u201d"},"content":{"rendered":"\n<p>El dirigente de Voluntad Popular, Roniel Far\u00edas, luego de la salida del l\u00edder de la oposici\u00f3n Leopoldo L\u00f3pez manifest\u00f3: \u201cnada despojar\u00e1 a nuestro l\u00edder de su convicci\u00f3n pol\u00edtica y humana; nuestra lucha es por rescatar la democracia, y de alcanzar todos los derechos para todas las personas. Leopoldo ha estado en todos los terrenos en la protesta en la calle, en la c\u00e1rcel, secuestrado, o perseguido siempre venciendo obst\u00e1culos y cumpliendo con su pueblo\u201d.<\/p>\n\n\n\n<p>\u201cJam\u00e1s hemos pactado una tregua con el r\u00e9gimen y por eso es que secuestran, amenazan, persiguen y hasta asesinan a nuestros l\u00edderes, ejemplo de ello nuestro l\u00edder y fundador Leopoldo L\u00f3pez, quien ha luchado con constancia por Venezuela, dirigiendo el sue\u00f1o compartido de lograr la mejor Venezuela. Nada detiene nuestra lucha con Dios y el pueblo venezolano por recuperar la libertad\u201d, refiri\u00f3. Expres\u00f3 su respaldo en el nuevo terreno de lucha que asume Leopoldo L\u00f3pez. \u201cHoy estamos asumiendo la l\u00ednea y el compromiso de seguir defendiendo la lucha por rescatar la democracia, estamos en presencia de un gran movimiento popular, son nuestros ciudadanos organizados que alzaran su voz para exigir el cese del Gobierno y caminaremos hacia la libertad.<\/p>\n\n\n\n<p><strong>Prensa VP Bol\u00edvar<\/strong><\/p>\n","protected":false},"excerpt":{"rendered":"<p>El dirigente de Voluntad Popular, Roniel Far\u00edas, luego de la salida del l\u00edder de la oposici\u00f3n Leopoldo L\u00f3pez manifest\u00f3: \u201cnada despojar\u00e1 a nuestro l\u00edder de su convicci\u00f3n pol\u00edtica y humana; nuestra lucha es por rescatar la democracia, y de alcanzar todos los derechos para todas las personas. Leopoldo ha estado en todos los terrenos en [&hellip;]<\/p>\n","protected":false},"author":2,"featured_media":180005,"comment_status":"closed","ping_status":"closed","sticky":false,"template":"","format":"standard","meta":{"footnotes":""},"categories":[12],"tags":[],"class_list":{"0":"post-180004","1":"post","2":"type-post","3":"status-publish","4":"format-standard","5":"has-post-thumbnail","7":"category-regionales"},"_links":{"self":[{"href":"https:\/\/elluchador.info\/index.php?rest_route=\/wp\/v2\/posts\/180004","targetHints":{"allow":["GET"]}}],"collection":[{"href":"https:\/\/elluchador.info\/index.php?rest_route=\/wp\/v2\/posts"}],"about":[{"href":"https:\/\/elluchador.info\/index.php?rest_route=\/wp\/v2\/types\/post"}],"author":[{"embeddable":true,"href":"https:\/\/elluchador.info\/index.php?rest_route=\/wp\/v2\/users\/2"}],"replies":[{"embeddable":true,"href":"https:\/\/elluchador.info\/index.php?rest_route=%2Fwp%2Fv2%2Fcomments&post=180004"}],"version-history":[{"count":1,"href":"https:\/\/elluchador.info\/index.php?rest_route=\/wp\/v2\/posts\/180004\/revisions"}],"predecessor-version":[{"id":180006,"href":"https:\/\/elluchador.info\/index.php?rest_route=\/wp\/v2\/posts\/180004\/revisions\/180006"}],"wp:featuredmedia":[{"embeddable":true,"href":"https:\/\/elluchador.info\/index.php?rest_route=\/wp\/v2\/media\/180005"}],"wp:attachment":[{"href":"https:\/\/elluchador.info\/index.php?rest_route=%2Fwp%2Fv2%2Fmedia&parent=180004"}],"wp:term":[{"taxonomy":"category","embeddable":true,"href":"https:\/\/elluchador.info\/index.php?rest_route=%2Fwp%2Fv2%2Fcategories&post=180004"},{"taxonomy":"post_tag","embeddable":true,"href":"https:\/\/elluchador.info\/index.php?rest_route=%2Fwp%2Fv2%2Ftags&post=180004"}],"curies":[{"name":"wp","href":"https:\/\/api.w.org\/{rel}","templated":true}]}}