{"id":181093,"date":"2020-11-03T16:45:04","date_gmt":"2020-11-03T20:45:04","guid":{"rendered":"https:\/\/elluchador.info\/web\/?p=181093"},"modified":"2020-11-03T16:22:05","modified_gmt":"2020-11-03T20:22:05","slug":"reino-unido-eleva-su-nivel-de-alerta-terrorista","status":"publish","type":"post","link":"https:\/\/elluchador.info\/?p=181093","title":{"rendered":"Reino Unido eleva su nivel de alerta terrorista"},"content":{"rendered":"\n<p>El Gobierno del Reino Unido elev\u00f3 este martes el nivel de alerta por posibles atentados terroristas hasta el cuarto grado en una escala de cinco, tras el ataque anoche en Austria que dej\u00f3 cuatro v\u00edctimas mortales y 22 heridos.<\/p>\n\n\n\n<p>El nivel \u00absevero\u00bb en la alerta significa que un atentado<strong>&nbsp;es \u00abaltamente probable\u00bb y est\u00e1 solo por debajo del grado \u00abcr\u00edtico\u00bb, que indica que se espera un ataque \u00aben un futuro cercano\u00bb<\/strong>, seg\u00fan la descripci\u00f3n que proporciona el Ejecutivo.<\/p>\n\n\n\n<p>La ministra de Interior, Priti Patel, anunci\u00f3 en un mensaje la decisi\u00f3n, tomada en base al criterio del Centro Conjunto de An\u00e1lisis sobre Terrorismo, \u00f3rgano dependiente de la agencia de inteligencia nacional MI5.<\/p>\n\n\n\n<blockquote class=\"wp-block-quote is-layout-flow wp-block-quote-is-layout-flow\"><p>\u00abEsta es una medida de precauci\u00f3n y no est\u00e1 basada en ninguna amenaza concreta. Los ciudadanos deben permanecer vigilantes e informar a la polic\u00eda de cualquier actividad sospechosa\u00bb, detall\u00f3 Patel.<\/p><\/blockquote>\n\n\n\n<p>El primer ministro brit\u00e1nico, Boris Johnson, se mostr\u00f3 por su parte \u00abprofundamente consternado\u00bb por el atentado en Viena.<\/p>\n\n\n\n<blockquote class=\"wp-block-quote is-layout-flow wp-block-quote-is-layout-flow\"><p>\u00abLos pensamientos del Reino Unido est\u00e1n con los austr\u00edacos. Permanecemos unidos con vosotros contra el terror\u00bb, expres\u00f3 el jefe de Gobierno en un mensaje en las redes sociales.<\/p><\/blockquote>\n\n\n\n<p>Un portavoz de Downing Street, despacho oficial de Johnson, agreg\u00f3 que el Ejecutivo ha ofrecido a Austria la colaboraci\u00f3n de expertos brit\u00e1nicos en operaciones antiterroristas para colaborar en la investigaci\u00f3n del atentado de este lunes.<\/p>\n\n\n\n<blockquote class=\"wp-block-quote is-layout-flow wp-block-quote-is-layout-flow\"><p>\u00abSomos muy conscientes de la amenaza que supone el terrorismo. Nuestra polic\u00eda y servicios de seguridad trabajan las veinticuatro horas del d\u00eda para mantenernos seguros\u00bb, declar\u00f3 ese portavoz.<\/p><\/blockquote>\n\n\n\n<p>EFE<\/p>\n","protected":false},"excerpt":{"rendered":"<p>El Gobierno del Reino Unido elev\u00f3 este martes el nivel de alerta por posibles atentados terroristas hasta el cuarto grado en una escala de cinco, tras el ataque anoche en Austria que dej\u00f3 cuatro v\u00edctimas mortales y 22 heridos. El nivel \u00absevero\u00bb en la alerta significa que un atentado&nbsp;es \u00abaltamente probable\u00bb y est\u00e1 solo por [&hellip;]<\/p>\n","protected":false},"author":2,"featured_media":181094,"comment_status":"closed","ping_status":"closed","sticky":false,"template":"","format":"standard","meta":{"footnotes":""},"categories":[8],"tags":[],"class_list":{"0":"post-181093","1":"post","2":"type-post","3":"status-publish","4":"format-standard","5":"has-post-thumbnail","7":"category-internacionales"},"_links":{"self":[{"href":"https:\/\/elluchador.info\/index.php?rest_route=\/wp\/v2\/posts\/181093","targetHints":{"allow":["GET"]}}],"collection":[{"href":"https:\/\/elluchador.info\/index.php?rest_route=\/wp\/v2\/posts"}],"about":[{"href":"https:\/\/elluchador.info\/index.php?rest_route=\/wp\/v2\/types\/post"}],"author":[{"embeddable":true,"href":"https:\/\/elluchador.info\/index.php?rest_route=\/wp\/v2\/users\/2"}],"replies":[{"embeddable":true,"href":"https:\/\/elluchador.info\/index.php?rest_route=%2Fwp%2Fv2%2Fcomments&post=181093"}],"version-history":[{"count":1,"href":"https:\/\/elluchador.info\/index.php?rest_route=\/wp\/v2\/posts\/181093\/revisions"}],"predecessor-version":[{"id":181095,"href":"https:\/\/elluchador.info\/index.php?rest_route=\/wp\/v2\/posts\/181093\/revisions\/181095"}],"wp:featuredmedia":[{"embeddable":true,"href":"https:\/\/elluchador.info\/index.php?rest_route=\/wp\/v2\/media\/181094"}],"wp:attachment":[{"href":"https:\/\/elluchador.info\/index.php?rest_route=%2Fwp%2Fv2%2Fmedia&parent=181093"}],"wp:term":[{"taxonomy":"category","embeddable":true,"href":"https:\/\/elluchador.info\/index.php?rest_route=%2Fwp%2Fv2%2Fcategories&post=181093"},{"taxonomy":"post_tag","embeddable":true,"href":"https:\/\/elluchador.info\/index.php?rest_route=%2Fwp%2Fv2%2Ftags&post=181093"}],"curies":[{"name":"wp","href":"https:\/\/api.w.org\/{rel}","templated":true}]}}