{"id":181719,"date":"2020-11-08T20:15:09","date_gmt":"2020-11-09T00:15:09","guid":{"rendered":"https:\/\/elluchador.info\/web\/?p=181719"},"modified":"2020-11-08T19:53:14","modified_gmt":"2020-11-08T23:53:14","slug":"comienza-este-lunes-la-nueva-semana-de-cuarentena-radical-77-en-el-mes-de-noviembre","status":"publish","type":"post","link":"https:\/\/elluchador.info\/?p=181719","title":{"rendered":"Comienza este lunes la nueva semana de cuarentena radical 7+7 en el mes de noviembre"},"content":{"rendered":"\n<p>El presidente de la Rep\u00fablica,&nbsp;<a href=\"https:\/\/mastodon.social\/@Nicolas_Maduro\" target=\"_blank\" rel=\"noreferrer noopener\"><strong>Nicol\u00e1s Maduro Moros,<\/strong><\/a>&nbsp;anunci\u00f3 la nueva semana de siete d\u00edas de cuarentena radical que se inicia en Venezuela este lunes 9 de noviembre, con el exhorto a la poblaci\u00f3n a reafirmar la importancia en la disciplina social, la uni\u00f3n y la conciencia superior en las medidas de prevenci\u00f3n para el aplanamiento de la curva de contagios de transmisi\u00f3n de COVID-19.<\/p>\n\n\n\n<p>Durante un contacto con la Comisi\u00f3n Presidencial para el Control y la Prevenci\u00f3n de la COVID-19, el Jefe de Estado inst\u00f3 al pueblo que deba salir de sus casas a cumplir con el uso de tapabocas, guantes, lentes, distanciamiento f\u00edsico, as\u00ed como la desinfecci\u00f3n de manos y objetos que manipule para seguir disminuyendo los casos comunitarios.<\/p>\n\n\n\n<p>Agradeci\u00f3 a los venezolanos y venezolanas porque en su gran mayor\u00eda han dado ejemplo de la conducta c\u00edvica en la semana de flexibilizaci\u00f3n correspondiente a la primera del mes de noviembre.<\/p>\n\n\n\n<p>\u201cVamos a partir de este lunes 9 de noviembre, a los siete d\u00edas de cuarentena radical. Pido a los venezolanos y venezolanas el mayor nivel de disciplina y uni\u00f3n. La cuarentena radical es milagrosa porque son 7 d\u00edas que cortan las cadenas, esto se ha demostrado cient\u00edficamente, que el 7+7 es el m\u00e9todo venezolano exitoso, comprobado\u201d.<\/p>\n\n\n\n<p>En el mes de octubre, el promedio de contagios fue cerca de 544 personas por d\u00eda, con m\u00e1s de 16 mil pacientes afectados, y una cifra de fallecidos de 5.4 diarios en promedio.<\/p>\n\n\n\n<p>Afortunadamente, en agosto Venezuela ten\u00eda 80% de pacientes recuperados y en octubre se lleg\u00f3 a 90%. \u201cY ahora, en este momento, estamos en 95 por ciento de recuperados, frente al promedio mundial que es de 75%\u201d, compar\u00f3.<\/p>\n\n\n\n<p>En la primera semana de noviembre, el promedio de contagios se redujo a 335 casos, y este domingo lleg\u00f3 a 200 casos, mientras contin\u00faan el pesquizaje mediante las 10 mil brigadas m\u00e9dicas y se mantiene la b\u00fasqueda casa por casa y caso por caso.<\/p>\n\n\n\n<p>Inform\u00f3 que los 7 d\u00edas de Flexibilizaci\u00f3n de la primera semana de noviembre bajo el m\u00e9todo nacional, los resultados en los sectores comerciales, industriales y econ\u00f3micas en general han sido satisfactorios, para recuperar la actividad general de la econom\u00eda durante esta pandemia.<\/p>\n\n\n\n<p>\u201cQuiere decir que el m\u00e9todo 7+7 ha dado resultados y pido disciplina, uni\u00f3n\u201d, concluy\u00f3 el Mandatario.<strong> VTV<\/strong><\/p>\n","protected":false},"excerpt":{"rendered":"<p>El presidente de la Rep\u00fablica,&nbsp;Nicol\u00e1s Maduro Moros,&nbsp;anunci\u00f3 la nueva semana de siete d\u00edas de cuarentena radical que se inicia en Venezuela este lunes 9 de noviembre, con el exhorto a la poblaci\u00f3n a reafirmar la importancia en la disciplina social, la uni\u00f3n y la conciencia superior en las medidas de prevenci\u00f3n para el aplanamiento de [&hellip;]<\/p>\n","protected":false},"author":2,"featured_media":181720,"comment_status":"closed","ping_status":"closed","sticky":false,"template":"","format":"standard","meta":{"footnotes":""},"categories":[5,9],"tags":[281,297,296],"class_list":{"0":"post-181719","1":"post","2":"type-post","3":"status-publish","4":"format-standard","5":"has-post-thumbnail","7":"category-destacado","8":"category-nacionales","9":"tag-covid-19","10":"tag-cuarentena-radical","11":"tag-lunes"},"_links":{"self":[{"href":"https:\/\/elluchador.info\/index.php?rest_route=\/wp\/v2\/posts\/181719","targetHints":{"allow":["GET"]}}],"collection":[{"href":"https:\/\/elluchador.info\/index.php?rest_route=\/wp\/v2\/posts"}],"about":[{"href":"https:\/\/elluchador.info\/index.php?rest_route=\/wp\/v2\/types\/post"}],"author":[{"embeddable":true,"href":"https:\/\/elluchador.info\/index.php?rest_route=\/wp\/v2\/users\/2"}],"replies":[{"embeddable":true,"href":"https:\/\/elluchador.info\/index.php?rest_route=%2Fwp%2Fv2%2Fcomments&post=181719"}],"version-history":[{"count":1,"href":"https:\/\/elluchador.info\/index.php?rest_route=\/wp\/v2\/posts\/181719\/revisions"}],"predecessor-version":[{"id":181721,"href":"https:\/\/elluchador.info\/index.php?rest_route=\/wp\/v2\/posts\/181719\/revisions\/181721"}],"wp:featuredmedia":[{"embeddable":true,"href":"https:\/\/elluchador.info\/index.php?rest_route=\/wp\/v2\/media\/181720"}],"wp:attachment":[{"href":"https:\/\/elluchador.info\/index.php?rest_route=%2Fwp%2Fv2%2Fmedia&parent=181719"}],"wp:term":[{"taxonomy":"category","embeddable":true,"href":"https:\/\/elluchador.info\/index.php?rest_route=%2Fwp%2Fv2%2Fcategories&post=181719"},{"taxonomy":"post_tag","embeddable":true,"href":"https:\/\/elluchador.info\/index.php?rest_route=%2Fwp%2Fv2%2Ftags&post=181719"}],"curies":[{"name":"wp","href":"https:\/\/api.w.org\/{rel}","templated":true}]}}