{"id":184499,"date":"2020-12-03T15:55:37","date_gmt":"2020-12-03T19:55:37","guid":{"rendered":"https:\/\/elluchador.info\/web\/?p=184499"},"modified":"2020-12-03T15:30:51","modified_gmt":"2020-12-03T19:30:51","slug":"este-viernes-abre-centro-pediatrico-lala-en-ciudad-bolivar","status":"publish","type":"post","link":"https:\/\/elluchador.info\/?p=184499","title":{"rendered":"Este viernes abre Centro Pedi\u00e1trico LaLa en Ciudad Bol\u00edvar"},"content":{"rendered":"\n<p>*** La Organizaci\u00f3n\u00a0 contin\u00faa apostando a fomentar el bienestar social\u00a0\u00a0<\/p>\n\n\n\n<p> Hoy viernes 4 de Noviembre el Centro Pedi\u00e1trico LaLa abrir\u00e1 sus puertas en Ciudad Bol\u00edvar, para la atenci\u00f3n de ni\u00f1os y ni\u00f1as de nuestra ciudad, en su sede ubicada en la Avenida T\u00e1chira.\u00a0<br>Este Centro tiene como finalidad reforzar el objetivo de la Fundaci\u00f3n LaLa, organizaci\u00f3n sin fines del lucro, que brindar\u00e1 atenci\u00f3n a los m\u00e1s peque\u00f1os de la casa siendo los m\u00e1s\u00a0 vulnerables.\u00a0<br>La representante de Fundaci\u00f3n Lala\u00a0 y Presidenta del Centro, Victoria Vergara, explic\u00f3 que\u00a0 el Centro Pedi\u00e1trico LaLa, ofrecer\u00e1 consultas de Pediatr\u00eda general, Ortopedia, Traumatolog\u00eda, Psiquiatr\u00eda Infantil, Neurocirug\u00eda, Cirug\u00eda, Medicina y Planificaci\u00f3n Familiar.\u00a0<br>\u00a0Adem\u00e1s\u00a0 en las instalaciones se brindar\u00e1 el Servicio de Atenci\u00f3n Inmediata desde la 7am a 4pm\u00a0 para los peque\u00f1os de la casa, inform\u00f3 Vergara.\u00a0<br>La edificaci\u00f3n consta de 5 m\u00f3dulos interconectados: \u00e1reas de consultas m\u00e9dicas, con salas de atenci\u00f3n, para procedimientos y\u00a0 \u00e1rea de recepci\u00f3n para la comodidad del paciente.\u00a0\u00a0\u00a0El Centro Pedi\u00e1trico LaLa, estar\u00e1 en servicio de lunes a viernes, a la disposici\u00f3n de los bolivarenses y allegados, su objetivo es acercar los servicios y la calidad en la atenci\u00f3n que caracterizan a la Fundaci\u00f3n Lala, a las personas que viven en esta ciudad, ofreci\u00e9ndoles una amplia oferta de especialidades y subespecialidades en un ambiente del m\u00e1s alto nivel.\u00a0<br>El Dr. Richard Malaver, Director del Centro Pedi\u00e1trico LaLa Ciudad Bol\u00edvar, expres\u00f3 que \u00abcon este nuevo proyecto emprendido en esta ciudad por la Fundaci\u00f3n LaLa, esperamos poder ayudarlos siempre con\u00a0 la m\u00e1xima inmediatez, porque la salud de nuestros peque\u00f1os es nuestra prioridad\u00bb.\u00a0\u00a0<br>Asimismo indic\u00f3 que ahora los bolivarenses contar\u00e1n con un Centro Pedi\u00e1trico con los espacios indicados para recibir atenci\u00f3n de calidad y con los m\u00e1s preparados profesionales en el \u00e1rea, quienes atender\u00e1n a los consentidos de la casa.\u00a0 La Fundaci\u00f3n LaLa, en Ciudad Bol\u00edvar viene brindando atenci\u00f3n en nutrici\u00f3n a los ni\u00f1as y ni\u00f1os con problemas de desnutrici\u00f3n, asimismo mujeres embarazadas, quienes a su vez reciben nutrientes a trav\u00e9s de un plan de nutrici\u00f3n que se ha venido cumpliendo en las instalaciones de la ciudad.<br>Malaver inform\u00f3 que a los pacientes se les har\u00e1 un estudio socioecon\u00f3mico el cual determinar\u00e1 si esta en condiciones o no de hacer un aporte al Centro, el cual ser\u00e1 destinado al mantenimiento de las instalaciones; \u00abde este modo seguiremos brindando atenci\u00f3n de calidad y en espacios con el m\u00e1s alto confort\u00bb.\u00a0<br>Enfatiz\u00f3 que en el Centro Pedi\u00e1trico se deber\u00e1n cumplir las medidas que ya se est\u00e1n tomando para prevenir la propagaci\u00f3n del Covid-19 , porque estar bien protegidos es tarea de todos, es importante seguir las recomendaciones que hacen las autoridades por todos los medios de comunicaci\u00f3n\u00a0 en beneficio de sus familiares y de toda la ciudadan\u00eda en general, concluy\u00f3 para se\u00f1alar que ya est\u00e1 en funcionamiento la Consulta de Ortopedia y Traumatolog\u00eda incluyendo la Unidad de Tratamiento de Pie Equinovaro Cong\u00e9nito los d\u00edas mi\u00e9rcoles.\u00a0(Greyssi V\u00e1squez)<\/p>\n","protected":false},"excerpt":{"rendered":"<p>*** La Organizaci\u00f3n\u00a0 contin\u00faa apostando a fomentar el bienestar social\u00a0\u00a0 Hoy viernes 4 de Noviembre el Centro Pedi\u00e1trico LaLa abrir\u00e1 sus puertas en Ciudad Bol\u00edvar, para la atenci\u00f3n de ni\u00f1os y ni\u00f1as de nuestra ciudad, en su sede ubicada en la Avenida T\u00e1chira.\u00a0Este Centro tiene como finalidad reforzar el objetivo de la Fundaci\u00f3n LaLa, organizaci\u00f3n [&hellip;]<\/p>\n","protected":false},"author":2,"featured_media":184501,"comment_status":"closed","ping_status":"closed","sticky":false,"template":"","format":"standard","meta":{"footnotes":""},"categories":[19],"tags":[],"class_list":{"0":"post-184499","1":"post","2":"type-post","3":"status-publish","4":"format-standard","5":"has-post-thumbnail","7":"category-salud"},"_links":{"self":[{"href":"https:\/\/elluchador.info\/index.php?rest_route=\/wp\/v2\/posts\/184499","targetHints":{"allow":["GET"]}}],"collection":[{"href":"https:\/\/elluchador.info\/index.php?rest_route=\/wp\/v2\/posts"}],"about":[{"href":"https:\/\/elluchador.info\/index.php?rest_route=\/wp\/v2\/types\/post"}],"author":[{"embeddable":true,"href":"https:\/\/elluchador.info\/index.php?rest_route=\/wp\/v2\/users\/2"}],"replies":[{"embeddable":true,"href":"https:\/\/elluchador.info\/index.php?rest_route=%2Fwp%2Fv2%2Fcomments&post=184499"}],"version-history":[{"count":1,"href":"https:\/\/elluchador.info\/index.php?rest_route=\/wp\/v2\/posts\/184499\/revisions"}],"predecessor-version":[{"id":184502,"href":"https:\/\/elluchador.info\/index.php?rest_route=\/wp\/v2\/posts\/184499\/revisions\/184502"}],"wp:featuredmedia":[{"embeddable":true,"href":"https:\/\/elluchador.info\/index.php?rest_route=\/wp\/v2\/media\/184501"}],"wp:attachment":[{"href":"https:\/\/elluchador.info\/index.php?rest_route=%2Fwp%2Fv2%2Fmedia&parent=184499"}],"wp:term":[{"taxonomy":"category","embeddable":true,"href":"https:\/\/elluchador.info\/index.php?rest_route=%2Fwp%2Fv2%2Fcategories&post=184499"},{"taxonomy":"post_tag","embeddable":true,"href":"https:\/\/elluchador.info\/index.php?rest_route=%2Fwp%2Fv2%2Ftags&post=184499"}],"curies":[{"name":"wp","href":"https:\/\/api.w.org\/{rel}","templated":true}]}}