{"id":184506,"date":"2020-12-03T16:25:25","date_gmt":"2020-12-03T20:25:25","guid":{"rendered":"https:\/\/elluchador.info\/web\/?p=184506"},"modified":"2020-12-03T15:59:35","modified_gmt":"2020-12-03T19:59:35","slug":"consorven-las-personas-con-discapacidad-conmemoran-su-dia-exigiendo-respeto-a-sus-ddhh","status":"publish","type":"post","link":"https:\/\/elluchador.info\/?p=184506","title":{"rendered":"Consorven: Las Personas con Discapacidad conmemoran su d\u00eda exigiendo respeto a sus DDHH"},"content":{"rendered":"\n<p>Prensa Consorven, 03\/12\/2020.- Hoy se conmemora el D\u00eda Internacional de las Personas con Discapacidad. En el marco de esta fecha Juan \u00c1ngel De Gouveia, presidente de la Confederaci\u00f3n Sordos de Venezuela (Consorven), se\u00f1al\u00f3 la importancia de conmemorar este d\u00eda a trav\u00e9s de la exigencia de los derechos humanos y el bienestar de esta comunidad.<\/p>\n\n\n\n<p>\u201cActualmente en Venezuela, el irrespeto, la discriminaci\u00f3n y la falta de recursos econ\u00f3micos para obtener calidad de vida, son algunas de las barreras a las que nos hemos enfrentado las Personas con Discapacidad, y se ha agravado en los \u00faltimos a\u00f1os con la crisis humanitaria y la llegada del coronavirus. Esta situaci\u00f3n tambi\u00e9n ha obligado a muchas PcD a migrar a otros pa\u00edses en busca de mejores condiciones\u201d. Dijo De Gouveia.<\/p>\n\n\n\n<p>A\u00f1adi\u00f3 que estudios realizados por Consorven, refleja que el 53,7% de las PcD informaron que su acceso a los alimentos ha disminuido durante la cuarentena nacional. \u201cAdem\u00e1s de la alimentaci\u00f3n el 32,7% report\u00f3 que el servicio de agua potable ha empeorado, el 32,6% se\u00f1al\u00f3 la misma situaci\u00f3n con el servicio el\u00e9ctrico y 25,8% expres\u00f3 la misma queja con relaci\u00f3n al gas dom\u00e9stico. Estos son los que m\u00e1s han afectado la calidad de vida de los venezolanos durante los \u00faltimos 5 a\u00f1os, llegando incluso a colapsar en determinados periodos de tiempo\u201d.<\/p>\n\n\n\n<p>A juicio de Juan \u00c1ngel de Gouveia, las Personas con Discapacidad en Venezuela no tienen nada que celebrar en esta fecha, considerando que sus derechos a una vida digna son constantemente vulnerados por el Estado.<\/p>\n\n\n\n<p>Agreg\u00f3 que en el marco de esta conmemoraci\u00f3n, Consorven decidi\u00f3 crear una campa\u00f1a en redes sociales para expresar la situaci\u00f3n que atraviesan las Personas con Discapacidad y que, a pesar de la lucha constante de muchas organizaciones por el respeto y cumplimiento de los Derechos Humanos, siguen sin obtener respuestas.<\/p>\n\n\n\n<p>\u201cBajo la etiqueta #YoTambienTengoDerechos buscamos expresar que las Personas con Discapacidad merecen respeto y garant\u00eda del cumplimiento de las leyes que los amparan, sin importar raza, sexo, color o cualquier condici\u00f3n\u201d.<\/p>\n","protected":false},"excerpt":{"rendered":"<p>Prensa Consorven, 03\/12\/2020.- Hoy se conmemora el D\u00eda Internacional de las Personas con Discapacidad. En el marco de esta fecha Juan \u00c1ngel De Gouveia, presidente de la Confederaci\u00f3n Sordos de Venezuela (Consorven), se\u00f1al\u00f3 la importancia de conmemorar este d\u00eda a trav\u00e9s de la exigencia de los derechos humanos y el bienestar de esta comunidad. \u201cActualmente [&hellip;]<\/p>\n","protected":false},"author":2,"featured_media":184507,"comment_status":"closed","ping_status":"closed","sticky":false,"template":"","format":"standard","meta":{"footnotes":""},"categories":[5,9],"tags":[],"class_list":{"0":"post-184506","1":"post","2":"type-post","3":"status-publish","4":"format-standard","5":"has-post-thumbnail","7":"category-destacado","8":"category-nacionales"},"_links":{"self":[{"href":"https:\/\/elluchador.info\/index.php?rest_route=\/wp\/v2\/posts\/184506","targetHints":{"allow":["GET"]}}],"collection":[{"href":"https:\/\/elluchador.info\/index.php?rest_route=\/wp\/v2\/posts"}],"about":[{"href":"https:\/\/elluchador.info\/index.php?rest_route=\/wp\/v2\/types\/post"}],"author":[{"embeddable":true,"href":"https:\/\/elluchador.info\/index.php?rest_route=\/wp\/v2\/users\/2"}],"replies":[{"embeddable":true,"href":"https:\/\/elluchador.info\/index.php?rest_route=%2Fwp%2Fv2%2Fcomments&post=184506"}],"version-history":[{"count":1,"href":"https:\/\/elluchador.info\/index.php?rest_route=\/wp\/v2\/posts\/184506\/revisions"}],"predecessor-version":[{"id":184508,"href":"https:\/\/elluchador.info\/index.php?rest_route=\/wp\/v2\/posts\/184506\/revisions\/184508"}],"wp:featuredmedia":[{"embeddable":true,"href":"https:\/\/elluchador.info\/index.php?rest_route=\/wp\/v2\/media\/184507"}],"wp:attachment":[{"href":"https:\/\/elluchador.info\/index.php?rest_route=%2Fwp%2Fv2%2Fmedia&parent=184506"}],"wp:term":[{"taxonomy":"category","embeddable":true,"href":"https:\/\/elluchador.info\/index.php?rest_route=%2Fwp%2Fv2%2Fcategories&post=184506"},{"taxonomy":"post_tag","embeddable":true,"href":"https:\/\/elluchador.info\/index.php?rest_route=%2Fwp%2Fv2%2Ftags&post=184506"}],"curies":[{"name":"wp","href":"https:\/\/api.w.org\/{rel}","templated":true}]}}